{"id":34005,"date":"2024-07-01T13:55:46","date_gmt":"2024-07-01T11:55:46","guid":{"rendered":"https:\/\/www.luechingermeyer.ch\/konstrukteursnachwuchs\/"},"modified":"2024-07-08T07:40:05","modified_gmt":"2024-07-08T05:40:05","slug":"konstrukteursnachwuchs","status":"publish","type":"post","link":"https:\/\/lmp-ing.ch\/fr\/konstrukteursnachwuchs\/","title":{"rendered":"Rel\u00e8ve des constructeurs"},"content":{"rendered":"<p>Le courrier le plus important de l&#8217;ann\u00e9e pour notre apprenti Remo Guido nous est parvenu aujourd&#8217;hui. L&#8217;Office de l&#8217;enseignement secondaire et de la formation professionnelle confirme : Examen de fin d&#8217;apprentissage r\u00e9ussi. &#8220;Le certificat f\u00e9d\u00e9ral de capacit\u00e9 a \u00e9t\u00e9 d\u00e9livr\u00e9&#8221;.<br \/>\nNous f\u00e9licitons chaleureusement notre dessinateur CFC en g\u00e9nie civil fra\u00eechement dipl\u00f4m\u00e9 pour sa r\u00e9ussite \u00e0 l&#8217;examen de fin d&#8217;apprentissage ! Il l&#8217;a bien m\u00e9rit\u00e9 apr\u00e8s quatre ans de formation dans notre bureau et \u00e0 l&#8217;\u00e9cole professionnelle. Il participe depuis longtemps \u00e0 nos projets en tant qu&#8217;atout, <a href=\"https:\/\/www.luechingermeyer.ch\/fr\/remo-der-baumeister\/\">a go\u00fbt\u00e9 \u00e0 l&#8217;ambiance des chantiers<\/a>, accompagne le d\u00e9veloppement des apprentis qui suivent et, en tant que sportif polyvalent, soutient notre pr\u00e9sence lors des <a href=\"https:\/\/www.luechingermeyer.ch\/fr\/kraeftemessen-mit-den-architektinnen\/\">tournois de football<\/a> et de l&#8217;estafette SOLA. Au vu de cette int\u00e9gration r\u00e9ussie, nous sommes tr\u00e8s heureux que Remo continue \u00e0 faire partie de l&#8217;\u00e9quipe LM et qu&#8217;il entre en action d\u00e8s septembre en tant que jeune dessinateur.<\/p>\n<p>&nbsp;<\/p>\n","protected":false},"excerpt":{"rendered":"<p>Le courrier le plus important de l&#8217;ann\u00e9e pour notre apprenti Remo Guido nous est parvenu aujourd&#8217;hui. L&#8217;Office de l&#8217;enseignement secondaire et de la formation professionnelle confirme : Examen de fin d&#8217;apprentissage r\u00e9ussi. &#8220;Le certificat f\u00e9d\u00e9ral de capacit\u00e9 a \u00e9t\u00e9 d\u00e9livr\u00e9&#8221;. Nous f\u00e9licitons chaleureusement notre dessinateur CFC en g\u00e9nie civil fra\u00eechement dipl\u00f4m\u00e9 pour sa r\u00e9ussite \u00e0 [&hellip;]<\/p>\n","protected":false},"author":101013,"featured_media":33912,"comment_status":"closed","ping_status":"closed","sticky":false,"template":"","format":"standard","meta":{"_acf_changed":false,"footnotes":""},"categories":[3],"tags":[],"class_list":["post-34005","post","type-post","status-publish","format-standard","has-post-thumbnail","hentry","category-non-classifiee"],"acf":[],"_links":{"self":[{"href":"https:\/\/lmp-ing.ch\/fr\/wp-json\/wp\/v2\/posts\/34005","targetHints":{"allow":["GET"]}}],"collection":[{"href":"https:\/\/lmp-ing.ch\/fr\/wp-json\/wp\/v2\/posts"}],"about":[{"href":"https:\/\/lmp-ing.ch\/fr\/wp-json\/wp\/v2\/types\/post"}],"author":[{"embeddable":true,"href":"https:\/\/lmp-ing.ch\/fr\/wp-json\/wp\/v2\/users\/101013"}],"replies":[{"embeddable":true,"href":"https:\/\/lmp-ing.ch\/fr\/wp-json\/wp\/v2\/comments?post=34005"}],"version-history":[{"count":2,"href":"https:\/\/lmp-ing.ch\/fr\/wp-json\/wp\/v2\/posts\/34005\/revisions"}],"predecessor-version":[{"id":34007,"href":"https:\/\/lmp-ing.ch\/fr\/wp-json\/wp\/v2\/posts\/34005\/revisions\/34007"}],"wp:featuredmedia":[{"embeddable":true,"href":"https:\/\/lmp-ing.ch\/fr\/wp-json\/wp\/v2\/media\/33912"}],"wp:attachment":[{"href":"https:\/\/lmp-ing.ch\/fr\/wp-json\/wp\/v2\/media?parent=34005"}],"wp:term":[{"taxonomy":"category","embeddable":true,"href":"https:\/\/lmp-ing.ch\/fr\/wp-json\/wp\/v2\/categories?post=34005"},{"taxonomy":"post_tag","embeddable":true,"href":"https:\/\/lmp-ing.ch\/fr\/wp-json\/wp\/v2\/tags?post=34005"}],"curies":[{"name":"wp","href":"https:\/\/api.w.org\/{rel}","templated":true}]}}