{"id":34014,"date":"2024-01-20T12:16:21","date_gmt":"2024-01-20T11:16:21","guid":{"rendered":"https:\/\/www.luechingermeyer.ch\/die-reise-zum-mittelpunkt-der-erde\/"},"modified":"2024-07-08T08:41:33","modified_gmt":"2024-07-08T06:41:33","slug":"die-reise-zum-mittelpunkt-der-erde","status":"publish","type":"post","link":"https:\/\/lmp-ing.ch\/fr\/die-reise-zum-mittelpunkt-der-erde\/","title":{"rendered":"Le voyage au centre de la Terre"},"content":{"rendered":"<p>En \u00e9quipe avec <a href=\"https:\/\/www.op-arch.ch\/\">op-arch<\/a>, L\u00fcchinger+Meyer remporte le concours de projet pour la construction d\u2019une nouvelle centrale \u00e9nerg\u00e9tique au Centre national des sports de Macolin. La centrale \u00e9nerg\u00e9tique doit \u00e0 terme fournir les b\u00e2timents de l\u2019OFSPO en chaleur g\u00e9othermique via un r\u00e9seau de chauffage \u00e0 distance. \u00abLes auteurs se sont profond\u00e9ment pench\u00e9s sur le sujet et ont d\u00e9velopp\u00e9 un projet de caract\u00e8re.\u00bb En effet, nos ing\u00e9nieurs en structures et nos planificateurs de fa\u00e7ades impliqu\u00e9s ont pris un plaisir particulier \u00e0 participer \u00e0 cette <a href=\"https:\/\/www.luechingermeyer.ch\/fr\/project\/baspo-magglingen-neubau-energiezentrale\/\">conception<\/a>, qui int\u00e8gre et cite de nombreuses r\u00e9f\u00e9rences issues de la culture (de la construction) et de l\u2019art &#8211; depuis le \u00abSaknussem\u00bb titulaire, cet alchimiste islandais fictif dont l\u2019\u00e9criture secr\u00e8te dans le c\u00e9l\u00e8bre roman d\u2019aventures de Jules Verne a d\u00e9clench\u00e9 le \u00abVoyage au centre de la Terre\u00bb, en passant par la r\u00e9f\u00e9rence \u00e0 l\u2019\u0153uvre d\u2019art fascinante \u00abthe vertical earth kilometer\u00bb de Walter De Maria, expos\u00e9e \u00e0 la documenta 6 de Kassel en 1977, jusqu\u2019\u00e0 l\u2019influence constructive de l\u2019\u00e9cole de Soleure.<br \/>\n\u00abLes auteurs r\u00e9agissent fortement au caract\u00e8re innovant et durable souhait\u00e9, qui se manifeste dans l\u2019architecture.\u00bb Une \u00abvitrine\u00bb pour la nouvelle centrale \u00e9nerg\u00e9tique, qui \u00e9voque diverses associations, se raccorde au b\u00e2timent existant de l\u2019atelier et unit les deux ouvrages en une seule entit\u00e9.<\/p>\n","protected":false},"excerpt":{"rendered":"<p>En \u00e9quipe avec op-arch, L\u00fcchinger+Meyer remporte le concours de projet pour la construction d\u2019une nouvelle centrale \u00e9nerg\u00e9tique au Centre national des sports de Macolin. La centrale \u00e9nerg\u00e9tique doit \u00e0 terme fournir les b\u00e2timents de l\u2019OFSPO en chaleur g\u00e9othermique via un r\u00e9seau de chauffage \u00e0 distance. \u00abLes auteurs se sont profond\u00e9ment pench\u00e9s sur le sujet et [&hellip;]<\/p>\n","protected":false},"author":101013,"featured_media":31002,"comment_status":"closed","ping_status":"closed","sticky":false,"template":"","format":"standard","meta":{"_acf_changed":false,"footnotes":""},"categories":[3],"tags":[],"class_list":["post-34014","post","type-post","status-publish","format-standard","has-post-thumbnail","hentry","category-non-classifiee"],"acf":[],"_links":{"self":[{"href":"https:\/\/lmp-ing.ch\/fr\/wp-json\/wp\/v2\/posts\/34014","targetHints":{"allow":["GET"]}}],"collection":[{"href":"https:\/\/lmp-ing.ch\/fr\/wp-json\/wp\/v2\/posts"}],"about":[{"href":"https:\/\/lmp-ing.ch\/fr\/wp-json\/wp\/v2\/types\/post"}],"author":[{"embeddable":true,"href":"https:\/\/lmp-ing.ch\/fr\/wp-json\/wp\/v2\/users\/101013"}],"replies":[{"embeddable":true,"href":"https:\/\/lmp-ing.ch\/fr\/wp-json\/wp\/v2\/comments?post=34014"}],"version-history":[{"count":2,"href":"https:\/\/lmp-ing.ch\/fr\/wp-json\/wp\/v2\/posts\/34014\/revisions"}],"predecessor-version":[{"id":34016,"href":"https:\/\/lmp-ing.ch\/fr\/wp-json\/wp\/v2\/posts\/34014\/revisions\/34016"}],"wp:featuredmedia":[{"embeddable":true,"href":"https:\/\/lmp-ing.ch\/fr\/wp-json\/wp\/v2\/media\/31002"}],"wp:attachment":[{"href":"https:\/\/lmp-ing.ch\/fr\/wp-json\/wp\/v2\/media?parent=34014"}],"wp:term":[{"taxonomy":"category","embeddable":true,"href":"https:\/\/lmp-ing.ch\/fr\/wp-json\/wp\/v2\/categories?post=34014"},{"taxonomy":"post_tag","embeddable":true,"href":"https:\/\/lmp-ing.ch\/fr\/wp-json\/wp\/v2\/tags?post=34014"}],"curies":[{"name":"wp","href":"https:\/\/api.w.org\/{rel}","templated":true}]}}