{"id":34083,"date":"2024-06-28T11:24:48","date_gmt":"2024-06-28T09:24:48","guid":{"rendered":"https:\/\/www.luechingermeyer.ch\/kein-haus-das-traeume-erfuellt\/"},"modified":"2024-07-08T13:21:47","modified_gmt":"2024-07-08T11:21:47","slug":"kein-haus-das-traeume-erfuellt","status":"publish","type":"post","link":"https:\/\/lmp-ing.ch\/fr\/kein-haus-das-traeume-erfuellt\/","title":{"rendered":"Une Maison sans R\u00eaves"},"content":{"rendered":"<p>Lundi \u00e0 Winterthur, un \u00e9v\u00e9nement marquant a eu lieu : neuf ans apr\u00e8s le succ\u00e8s du concours du consortium <a href=\"https:\/\/www.gunzkuenzle.ch\/\">Gunz &amp; K\u00fcnzle Architekt*innen<\/a> \/ <a href=\"http:\/\/www.moa.ch\/\">Miebach Oberholzer Architekten GmbH<\/a> et <a href=\"https:\/\/www.ghisleni.ch\/\">Ghisleni Partner AG<\/a>, la nouvelle <a href=\"https:\/\/www.luechingermeyer.ch\/fr\/project\/bezirksanlage-winterthur-2\/\">prison r\u00e9gionale de Winterthur<\/a> a \u00e9t\u00e9 inaugur\u00e9e. La participation de la directrice de la justice Jacqueline Fehr, du directeur des constructions Martin Neukom, et de Marius Weyermann, commandant de la police cantonale de Zurich, \u00e0 la remise des cl\u00e9s a soulign\u00e9 l&#8217;importance de l&#8217;\u00e9v\u00e9nement. Avec l&#8217;agrandissement et la transformation de la prison r\u00e9gionale de Winterthur, la deuxi\u00e8me plus grande r\u00e9gion du canton de Zurich, dispose d\u00e9sormais d&#8217;un centre r\u00e9gional moderne pour la poursuite p\u00e9nale. Le nouveau b\u00e2timent abrite des locaux pour le minist\u00e8re public et le tribunal des mineurs, ainsi qu\u2019un centre carc\u00e9ral pour d\u00e9tention provisoire avec une capacit\u00e9 accrue. En \u00e9voquant l&#8217;utilisation de cette installation comme \u00e9tablissement p\u00e9nitentiaire, l&#8217;architecte Michael K\u00fcnzle a r\u00e9sum\u00e9 : \u00ab La prison r\u00e9gionale n&#8217;est pas une maison qui r\u00e9alise des r\u00eaves, n\u00e9anmoins, l&#8217;architecture peut offrir une valeur ajout\u00e9e. \u00bb<\/p>\n","protected":false},"excerpt":{"rendered":"<p>Lundi \u00e0 Winterthur, un \u00e9v\u00e9nement marquant a eu lieu : neuf ans apr\u00e8s le succ\u00e8s du concours du consortium Gunz &amp; K\u00fcnzle Architekt*innen \/ Miebach Oberholzer Architekten GmbH et Ghisleni Partner AG, la nouvelle prison r\u00e9gionale de Winterthur a \u00e9t\u00e9 inaugur\u00e9e. La participation de la directrice de la justice Jacqueline Fehr, du directeur des constructions [&hellip;]<\/p>\n","protected":false},"author":101013,"featured_media":33848,"comment_status":"closed","ping_status":"closed","sticky":false,"template":"","format":"standard","meta":{"_acf_changed":false,"footnotes":""},"categories":[3],"tags":[],"class_list":["post-34083","post","type-post","status-publish","format-standard","has-post-thumbnail","hentry","category-non-classifiee"],"acf":[],"_links":{"self":[{"href":"https:\/\/lmp-ing.ch\/fr\/wp-json\/wp\/v2\/posts\/34083","targetHints":{"allow":["GET"]}}],"collection":[{"href":"https:\/\/lmp-ing.ch\/fr\/wp-json\/wp\/v2\/posts"}],"about":[{"href":"https:\/\/lmp-ing.ch\/fr\/wp-json\/wp\/v2\/types\/post"}],"author":[{"embeddable":true,"href":"https:\/\/lmp-ing.ch\/fr\/wp-json\/wp\/v2\/users\/101013"}],"replies":[{"embeddable":true,"href":"https:\/\/lmp-ing.ch\/fr\/wp-json\/wp\/v2\/comments?post=34083"}],"version-history":[{"count":2,"href":"https:\/\/lmp-ing.ch\/fr\/wp-json\/wp\/v2\/posts\/34083\/revisions"}],"predecessor-version":[{"id":34085,"href":"https:\/\/lmp-ing.ch\/fr\/wp-json\/wp\/v2\/posts\/34083\/revisions\/34085"}],"wp:featuredmedia":[{"embeddable":true,"href":"https:\/\/lmp-ing.ch\/fr\/wp-json\/wp\/v2\/media\/33848"}],"wp:attachment":[{"href":"https:\/\/lmp-ing.ch\/fr\/wp-json\/wp\/v2\/media?parent=34083"}],"wp:term":[{"taxonomy":"category","embeddable":true,"href":"https:\/\/lmp-ing.ch\/fr\/wp-json\/wp\/v2\/categories?post=34083"},{"taxonomy":"post_tag","embeddable":true,"href":"https:\/\/lmp-ing.ch\/fr\/wp-json\/wp\/v2\/tags?post=34083"}],"curies":[{"name":"wp","href":"https:\/\/api.w.org\/{rel}","templated":true}]}}