{"id":34090,"date":"2024-06-12T13:58:44","date_gmt":"2024-06-12T11:58:44","guid":{"rendered":"https:\/\/www.luechingermeyer.ch\/weitblick\/"},"modified":"2025-04-23T16:13:43","modified_gmt":"2025-04-23T14:13:43","slug":"weitblick","status":"publish","type":"post","link":"https:\/\/lmp-ing.ch\/fr\/weitblick\/","title":{"rendered":"Vue panoramique"},"content":{"rendered":"<p>&nbsp;<\/p>\n<p>Une tour d&#8217;habitation de neuf \u00e9tages avec des locaux commerciaux int\u00e9gr\u00e9s remplacera \u00e0 l&#8217;avenir l&#8217;ancien b\u00e2timent existant \u00e0 l&#8217;angle de la Bielstrasse et du Steinweg \u00e0 Lyss. Le projet de l&#8217;\u00e9quipe <a href=\"https:\/\/www.mlzd.ch\/\">:mlzd<\/a> a remport\u00e9 le premier rang du mandat d&#8217;\u00e9tude en question. Les concepteurs de structures et de fa\u00e7ades de L\u00dcCHINGER MEYER PARTNER qui ont particip\u00e9 au projet s&#8217;en r\u00e9jouissent \u00e9galement. Le titre du <a href=\"https:\/\/www.luechingermeyer.ch\/fr\/project\/wohnhochhaus-bielstrasse-30-32-lyss\/\">projet<\/a> a \u00e9t\u00e9 choisi avec soin : le nouveau b\u00e2timent offre une &#8221; vue panoramique &#8221; aux futurs locataires des 43 appartements, les planificateurs ont fait preuve de &#8221; clairvoyance &#8221; dans l&#8217;optique d&#8217;un projet d&#8217;avenir, comme l&#8217;a explicitement soulign\u00e9 le jury : &#8221; Les auteurs du projet ont largement r\u00e9fl\u00e9chi au th\u00e8me de la durabilit\u00e9 &#8220;.<br \/>\nLe design de la fa\u00e7ade pr\u00e9voit une enveloppe v\u00e9g\u00e9talis\u00e9e, offrant une haute qualit\u00e9 gr\u00e2ce \u00e0 son ombrage et au microclimat cr\u00e9\u00e9. Les diff\u00e9rentes compositions des fa\u00e7ades sont propos\u00e9es comme des constructions stratifi\u00e9es avec des connexions simples et amovibles, favorisant une bonne s\u00e9paration des syst\u00e8mes. Les mat\u00e9riaux utilis\u00e9s auront une faible intensit\u00e9 de CO2, tels que le bois, le ciment Trass, le Greensteel ou l&#8217;aluminium Circal 100.<\/p>\n","protected":false},"excerpt":{"rendered":"<p>&nbsp; Une tour d&#8217;habitation de neuf \u00e9tages avec des locaux commerciaux int\u00e9gr\u00e9s remplacera \u00e0 l&#8217;avenir l&#8217;ancien b\u00e2timent existant \u00e0 l&#8217;angle de la Bielstrasse et du Steinweg \u00e0 Lyss. Le projet de l&#8217;\u00e9quipe :mlzd a remport\u00e9 le premier rang du mandat d&#8217;\u00e9tude en question. Les concepteurs de structures et de fa\u00e7ades de L\u00dcCHINGER MEYER PARTNER qui [&hellip;]<\/p>\n","protected":false},"author":101013,"featured_media":33665,"comment_status":"closed","ping_status":"closed","sticky":false,"template":"","format":"standard","meta":{"_acf_changed":false,"footnotes":""},"categories":[3],"tags":[],"class_list":["post-34090","post","type-post","status-publish","format-standard","has-post-thumbnail","hentry","category-non-classifiee"],"acf":[],"_links":{"self":[{"href":"https:\/\/lmp-ing.ch\/fr\/wp-json\/wp\/v2\/posts\/34090","targetHints":{"allow":["GET"]}}],"collection":[{"href":"https:\/\/lmp-ing.ch\/fr\/wp-json\/wp\/v2\/posts"}],"about":[{"href":"https:\/\/lmp-ing.ch\/fr\/wp-json\/wp\/v2\/types\/post"}],"author":[{"embeddable":true,"href":"https:\/\/lmp-ing.ch\/fr\/wp-json\/wp\/v2\/users\/101013"}],"replies":[{"embeddable":true,"href":"https:\/\/lmp-ing.ch\/fr\/wp-json\/wp\/v2\/comments?post=34090"}],"version-history":[{"count":3,"href":"https:\/\/lmp-ing.ch\/fr\/wp-json\/wp\/v2\/posts\/34090\/revisions"}],"predecessor-version":[{"id":39008,"href":"https:\/\/lmp-ing.ch\/fr\/wp-json\/wp\/v2\/posts\/34090\/revisions\/39008"}],"wp:featuredmedia":[{"embeddable":true,"href":"https:\/\/lmp-ing.ch\/fr\/wp-json\/wp\/v2\/media\/33665"}],"wp:attachment":[{"href":"https:\/\/lmp-ing.ch\/fr\/wp-json\/wp\/v2\/media?parent=34090"}],"wp:term":[{"taxonomy":"category","embeddable":true,"href":"https:\/\/lmp-ing.ch\/fr\/wp-json\/wp\/v2\/categories?post=34090"},{"taxonomy":"post_tag","embeddable":true,"href":"https:\/\/lmp-ing.ch\/fr\/wp-json\/wp\/v2\/tags?post=34090"}],"curies":[{"name":"wp","href":"https:\/\/api.w.org\/{rel}","templated":true}]}}