{"id":34600,"date":"2024-09-04T21:27:16","date_gmt":"2024-09-04T19:27:16","guid":{"rendered":"https:\/\/www.luechingermeyer.ch\/seismic-award-2024\/"},"modified":"2024-09-17T11:17:27","modified_gmt":"2024-09-17T09:17:27","slug":"seismic-award-2024","status":"publish","type":"post","link":"https:\/\/lmp-ing.ch\/fr\/seismic-award-2024\/","title":{"rendered":"Seismic Award 2024"},"content":{"rendered":"<p>Apr\u00e8s l&#8217;attribution du Building-Award 2023 et nomin\u00e9 parmi les candidats du prix Ernst&amp;Sohn, nos prestations d&#8217;ing\u00e9nierie pour le projet de <a href=\"https:\/\/www.luechingermeyer.ch\/fr\/project\/umnutzung-felix-platter-spital-basel-2\/\">r\u00e9affectation de l&#8217;h\u00f4pital Felix Platter<\/a>, B\u00e2le, ont une fois de plus, \u00e9t\u00e9 particuli\u00e8rement reconnues. Avec notre mandant, la <a href=\"https:\/\/www.wohnen-mehr.ch\/\">coop\u00e9rative de construction Wohnen&amp;Mehr<\/a>, et les <a href=\"https:\/\/www.muellersigrist.ch\/\">architectes M\u00fcller Sigrist<\/a>, nous sommes tr\u00e8s heureux d&#8217;avoir re\u00e7u la \u00ab Mention honorable \u00bb dans le cadre de l&#8217;attribution du <a href=\"https:\/\/www.baudyn.ch\/fr\/preise\/seismic-award\">Seismic Award 2024<\/a> par la <a href=\"https:\/\/www.baudyn.ch\/fr\/home\">Fondation pour la Dynamique des Structures et le G\u00e9nie Parasismique<\/a>.<br \/>\nLe jury a r\u00e9sum\u00e9 ainsi les raisons de l&#8217;attribution du prix : \u00ab La transformation de l&#8217;h\u00f4pital, class\u00e9 monument historique, a permis de pr\u00e9server un \u00e9difice embl\u00e9matique tout en lui offrant une nouvelle fonction r\u00e9sidentielle pour les g\u00e9n\u00e9rations futures. Ce projet ambitieux a impliqu\u00e9 des interventions majeures, n\u00e9cessitant une collaboration \u00e9troite entre plusieurs disciplines, notamment entre les architectes et les ing\u00e9nieurs civils, et qui ont \u00e9t\u00e9 mises en \u0153uvre avec soin \u00bb.<\/p>\n","protected":false},"excerpt":{"rendered":"<p>Apr\u00e8s l&#8217;attribution du Building-Award 2023 et nomin\u00e9 parmi les candidats du prix Ernst&amp;Sohn, nos prestations d&#8217;ing\u00e9nierie pour le projet de r\u00e9affectation de l&#8217;h\u00f4pital Felix Platter, B\u00e2le, ont une fois de plus, \u00e9t\u00e9 particuli\u00e8rement reconnues. Avec notre mandant, la coop\u00e9rative de construction Wohnen&amp;Mehr, et les architectes M\u00fcller Sigrist, nous sommes tr\u00e8s heureux d&#8217;avoir re\u00e7u la \u00ab [&hellip;]<\/p>\n","protected":false},"author":101013,"featured_media":34566,"comment_status":"closed","ping_status":"closed","sticky":false,"template":"","format":"standard","meta":{"_acf_changed":false,"footnotes":""},"categories":[3],"tags":[],"class_list":["post-34600","post","type-post","status-publish","format-standard","has-post-thumbnail","hentry","category-non-classifiee"],"acf":[],"_links":{"self":[{"href":"https:\/\/lmp-ing.ch\/fr\/wp-json\/wp\/v2\/posts\/34600","targetHints":{"allow":["GET"]}}],"collection":[{"href":"https:\/\/lmp-ing.ch\/fr\/wp-json\/wp\/v2\/posts"}],"about":[{"href":"https:\/\/lmp-ing.ch\/fr\/wp-json\/wp\/v2\/types\/post"}],"author":[{"embeddable":true,"href":"https:\/\/lmp-ing.ch\/fr\/wp-json\/wp\/v2\/users\/101013"}],"replies":[{"embeddable":true,"href":"https:\/\/lmp-ing.ch\/fr\/wp-json\/wp\/v2\/comments?post=34600"}],"version-history":[{"count":2,"href":"https:\/\/lmp-ing.ch\/fr\/wp-json\/wp\/v2\/posts\/34600\/revisions"}],"predecessor-version":[{"id":34602,"href":"https:\/\/lmp-ing.ch\/fr\/wp-json\/wp\/v2\/posts\/34600\/revisions\/34602"}],"wp:featuredmedia":[{"embeddable":true,"href":"https:\/\/lmp-ing.ch\/fr\/wp-json\/wp\/v2\/media\/34566"}],"wp:attachment":[{"href":"https:\/\/lmp-ing.ch\/fr\/wp-json\/wp\/v2\/media?parent=34600"}],"wp:term":[{"taxonomy":"category","embeddable":true,"href":"https:\/\/lmp-ing.ch\/fr\/wp-json\/wp\/v2\/categories?post=34600"},{"taxonomy":"post_tag","embeddable":true,"href":"https:\/\/lmp-ing.ch\/fr\/wp-json\/wp\/v2\/tags?post=34600"}],"curies":[{"name":"wp","href":"https:\/\/api.w.org\/{rel}","templated":true}]}}