{"id":35216,"date":"2024-10-04T16:49:02","date_gmt":"2024-10-04T14:49:02","guid":{"rendered":"https:\/\/www.luechingermeyer.ch\/yes-2024-doppelauftritt-und-auszeichnung\/"},"modified":"2024-10-07T10:35:47","modified_gmt":"2024-10-07T08:35:47","slug":"yes-2024-doppelauftritt-und-auszeichnung","status":"publish","type":"post","link":"https:\/\/lmp-ing.ch\/fr\/yes-2024-doppelauftritt-und-auszeichnung\/","title":{"rendered":"YES 2024 \u2013 Double participation et distinction"},"content":{"rendered":"<p>Grande rencontre des jeunes ing\u00e9nieur\u00b7e\u00b7s hier, le 3 octobre, \u00e0 la Haute \u00e9cole de Lucerne. Pour la 11e fois, l&#8217;<a href=\"http:\/\/www.ivbh.ch\/3\/home-aipc\/home-ivbh.html\" target=\"_blank\" rel=\"noopener\">IVBH Suisse<\/a> avait convi\u00e9 au YES, le <a href=\"http:\/\/www.ivbh.ch\/1\/yes\/home\/\" target=\"_blank\" rel=\"noopener\">Young Engineers&#8217; Symposium<\/a>. Comme toujours, les invit\u00e9s ont assist\u00e9 \u00e0 des conf\u00e9rences passionnantes anim\u00e9es par des coll\u00e8gues exp\u00e9riment\u00e9s \u2013 cette ann\u00e9e, Eugen Br\u00fchwiler et Rainer Hohermuth ont pris la parole \u2013 ainsi qu&#8217;\u00e0 un s\u00e9minaire sur l&#8217;\u00e9conomie circulaire. Au c\u0153ur de l&#8217;\u00e9v\u00e9nement se trouvaient, comme \u00e0 l&#8217;accoutum\u00e9e, les \u00e9changes entre les jeunes talents et surtout les pr\u00e9sentations s\u00e9lectionn\u00e9es de leurs projets par les jeunes ing\u00e9nieur\u00b7e\u00b7s.<br \/>\nNous sommes ravis que, pour le YES 2024, deux de nos collaborateurs aient eu l&#8217;opportunit\u00e9 de partager leurs exp\u00e9riences de projets sur sc\u00e8ne. Michael Stirnimann, ing\u00e9nieur civil dans notre succursale de Lausanne, a pr\u00e9sent\u00e9 le <a href=\"https:\/\/www.luechingermeyer.ch\/fr\/project\/tilia-tower-prilly-malley-2\/\" target=\"_blank\" rel=\"noopener\">Tilia Tower<\/a> \u00a9 \u00e0 Prilly, auquel il a contribu\u00e9 de mani\u00e8re significative.<\/p>\n","protected":false},"excerpt":{"rendered":"<p>Grande rencontre des jeunes ing\u00e9nieur\u00b7e\u00b7s hier, le 3 octobre, \u00e0 la Haute \u00e9cole de Lucerne. Pour la 11e fois, l&#8217;IVBH Suisse avait convi\u00e9 au YES, le Young Engineers&#8217; Symposium. Comme toujours, les invit\u00e9s ont assist\u00e9 \u00e0 des conf\u00e9rences passionnantes anim\u00e9es par des coll\u00e8gues exp\u00e9riment\u00e9s \u2013 cette ann\u00e9e, Eugen Br\u00fchwiler et Rainer Hohermuth ont pris la [&hellip;]<\/p>\n","protected":false},"author":101013,"featured_media":35136,"comment_status":"closed","ping_status":"closed","sticky":false,"template":"","format":"standard","meta":{"_acf_changed":false,"footnotes":""},"categories":[3],"tags":[],"class_list":["post-35216","post","type-post","status-publish","format-standard","has-post-thumbnail","hentry","category-non-classifiee"],"acf":[],"_links":{"self":[{"href":"https:\/\/lmp-ing.ch\/fr\/wp-json\/wp\/v2\/posts\/35216","targetHints":{"allow":["GET"]}}],"collection":[{"href":"https:\/\/lmp-ing.ch\/fr\/wp-json\/wp\/v2\/posts"}],"about":[{"href":"https:\/\/lmp-ing.ch\/fr\/wp-json\/wp\/v2\/types\/post"}],"author":[{"embeddable":true,"href":"https:\/\/lmp-ing.ch\/fr\/wp-json\/wp\/v2\/users\/101013"}],"replies":[{"embeddable":true,"href":"https:\/\/lmp-ing.ch\/fr\/wp-json\/wp\/v2\/comments?post=35216"}],"version-history":[{"count":2,"href":"https:\/\/lmp-ing.ch\/fr\/wp-json\/wp\/v2\/posts\/35216\/revisions"}],"predecessor-version":[{"id":35218,"href":"https:\/\/lmp-ing.ch\/fr\/wp-json\/wp\/v2\/posts\/35216\/revisions\/35218"}],"wp:featuredmedia":[{"embeddable":true,"href":"https:\/\/lmp-ing.ch\/fr\/wp-json\/wp\/v2\/media\/35136"}],"wp:attachment":[{"href":"https:\/\/lmp-ing.ch\/fr\/wp-json\/wp\/v2\/media?parent=35216"}],"wp:term":[{"taxonomy":"category","embeddable":true,"href":"https:\/\/lmp-ing.ch\/fr\/wp-json\/wp\/v2\/categories?post=35216"},{"taxonomy":"post_tag","embeddable":true,"href":"https:\/\/lmp-ing.ch\/fr\/wp-json\/wp\/v2\/tags?post=35216"}],"curies":[{"name":"wp","href":"https:\/\/api.w.org\/{rel}","templated":true}]}}