{"id":35397,"date":"2024-10-08T18:57:14","date_gmt":"2024-10-08T16:57:14","guid":{"rendered":"https:\/\/www.luechingermeyer.ch\/hoch-hinauf\/"},"modified":"2025-04-23T15:29:43","modified_gmt":"2025-04-23T13:29:43","slug":"hoch-hinauf","status":"publish","type":"post","link":"https:\/\/lmp-ing.ch\/fr\/hoch-hinauf\/","title":{"rendered":"Vers les hauteurs"},"content":{"rendered":"<p>La commune de Horw envisage de r\u00e9nover en douceur son cimeti\u00e8re class\u00e9 et de l&#8217;adapter aux exigences actuelles. Dans le cadre de l&#8217;appel d&#8217;offres pour le r\u00e9am\u00e9nagement du cimeti\u00e8re, le projet intitul\u00e9 \u00ab <a href=\"https:\/\/www.luechingermeyer.ch\/fr\/project\/friedhof-horw\/\">Vers les hauteurs<\/a> \u00bb du bureau <a href=\"https:\/\/www.raderschall.ch\/\">raderschallpartner paysagistes<\/a> et L\u00dcCHINGER MEYER PARTNER a remport\u00e9 la premi\u00e8re place. Le titre, \u00e0 la fois ambigu et \u00e9vocateur, fait r\u00e9f\u00e9rence au caract\u00e8re \u00e0 la fois topographique et spirituel du lieu.<br \/>\nEn raison de sa situation en pente, le cimeti\u00e8re est am\u00e9nag\u00e9 en terrasses. Sur la plus haute, la neuvi\u00e8me terrasse \u2014 une \u0153uvre du c\u00e9l\u00e8bre paysagiste Willi Neukom \u2014 un parc de quartier avec un point de rencontre sous un nouveau pavillon, ainsi qu&#8217;une aire de jeux, viendra compl\u00e9ter les usages plus intimes des autres terrasses. Les auteurs du projet poursuivent ainsi de mani\u00e8re coh\u00e9rente leur objectif de rapprocher le cimeti\u00e8re de sa signification traditionnelle : \u00ab D\u00e9di\u00e9 \u00e0 la vie, tout en honorant la m\u00e9moire des d\u00e9funts, dans la conscience du cycle de la vie humaine. \u00bb La commission a d\u00e9clar\u00e9 : \u00ab Avec &#8216;Vers les hauteurs&#8217;, ils pr\u00e9sentent une strat\u00e9gie solide et un concept en parfaite harmonie avec l&#8217;atmosph\u00e8re du lieu. \u00bb<\/p>\n","protected":false},"excerpt":{"rendered":"<p>La commune de Horw envisage de r\u00e9nover en douceur son cimeti\u00e8re class\u00e9 et de l&#8217;adapter aux exigences actuelles. Dans le cadre de l&#8217;appel d&#8217;offres pour le r\u00e9am\u00e9nagement du cimeti\u00e8re, le projet intitul\u00e9 \u00ab Vers les hauteurs \u00bb du bureau raderschallpartner paysagistes et L\u00dcCHINGER MEYER PARTNER a remport\u00e9 la premi\u00e8re place. Le titre, \u00e0 la fois [&hellip;]<\/p>\n","protected":false},"author":101013,"featured_media":35333,"comment_status":"closed","ping_status":"closed","sticky":false,"template":"","format":"standard","meta":{"_acf_changed":false,"footnotes":""},"categories":[3],"tags":[],"class_list":["post-35397","post","type-post","status-publish","format-standard","has-post-thumbnail","hentry","category-non-classifiee"],"acf":[],"_links":{"self":[{"href":"https:\/\/lmp-ing.ch\/fr\/wp-json\/wp\/v2\/posts\/35397","targetHints":{"allow":["GET"]}}],"collection":[{"href":"https:\/\/lmp-ing.ch\/fr\/wp-json\/wp\/v2\/posts"}],"about":[{"href":"https:\/\/lmp-ing.ch\/fr\/wp-json\/wp\/v2\/types\/post"}],"author":[{"embeddable":true,"href":"https:\/\/lmp-ing.ch\/fr\/wp-json\/wp\/v2\/users\/101013"}],"replies":[{"embeddable":true,"href":"https:\/\/lmp-ing.ch\/fr\/wp-json\/wp\/v2\/comments?post=35397"}],"version-history":[{"count":3,"href":"https:\/\/lmp-ing.ch\/fr\/wp-json\/wp\/v2\/posts\/35397\/revisions"}],"predecessor-version":[{"id":38974,"href":"https:\/\/lmp-ing.ch\/fr\/wp-json\/wp\/v2\/posts\/35397\/revisions\/38974"}],"wp:featuredmedia":[{"embeddable":true,"href":"https:\/\/lmp-ing.ch\/fr\/wp-json\/wp\/v2\/media\/35333"}],"wp:attachment":[{"href":"https:\/\/lmp-ing.ch\/fr\/wp-json\/wp\/v2\/media?parent=35397"}],"wp:term":[{"taxonomy":"category","embeddable":true,"href":"https:\/\/lmp-ing.ch\/fr\/wp-json\/wp\/v2\/categories?post=35397"},{"taxonomy":"post_tag","embeddable":true,"href":"https:\/\/lmp-ing.ch\/fr\/wp-json\/wp\/v2\/tags?post=35397"}],"curies":[{"name":"wp","href":"https:\/\/api.w.org\/{rel}","templated":true}]}}