{"id":35626,"date":"2024-10-21T18:33:29","date_gmt":"2024-10-21T16:33:29","guid":{"rendered":"https:\/\/www.luechingermeyer.ch\/full-house-am-brownbag-lunch\/"},"modified":"2024-10-25T09:15:42","modified_gmt":"2024-10-25T07:15:42","slug":"full-house-am-brownbag-lunch","status":"publish","type":"post","link":"https:\/\/lmp-ing.ch\/fr\/full-house-am-brownbag-lunch\/","title":{"rendered":"Full House am Brownbag-Lunch"},"content":{"rendered":"<p>Plus de 150 personnes ont particip\u00e9 au Brownbag-Lunch \u00ab Doublement optimis\u00e9 \u00bb du 10 octobre \u00e0 la <a href=\"https:\/\/www.baumuster.ch\/\">Schweizer Baumuster-Centrale<\/a>, t\u00e9moignant de l&#8217;int\u00e9r\u00eat croissant pour la construction durable et hybride de gratte-ciels \u00e0 Zurich. Lors de cette rencontre, les trois intervenants ont pr\u00e9sent\u00e9 le projet pionnier <a href=\"https:\/\/www.luechingermeyer.ch\/fr\/project\/tilia-tower-prilly-malley-2\/\">Tilia Tower\u00a9<\/a>, qui s&#8217;\u00e9l\u00e8ve actuellement \u00e0 Prilly, pr\u00e8s de Lausanne, et devrait bient\u00f4t atteindre sa hauteur finale de 85 m\u00e8tres. Robin Kirschke, de l\u2019agence <a href=\"https:\/\/www.ittenbrechbuehl.ch\/fr\/?\">Itten+Brechb\u00fchl AG<\/a>, a pr\u00e9sent\u00e9 le projet sous ses aspects urbanistiques et architecturaux. Il a retrac\u00e9 son parcours, depuis la victoire au concours en partenariat avec <a href=\"https:\/\/3xn.com\/\">3XN<\/a>, jusqu\u2019\u00e0 la phase de r\u00e9alisation, en soulignant les strat\u00e9gies employ\u00e9es pour atteindre des objectifs de durabilit\u00e9 ambitieux. Michael Stirnimann, notre ing\u00e9nieur de projet, a ensuite d\u00e9taill\u00e9 les d\u00e9fis de la conception structurelle, qu\u2019il conna\u00eet sur le bout des doigts gr\u00e2ce \u00e0 son implication quotidienne dans la statique du b\u00e2timent. Il a expliqu\u00e9 comment diverses approches ont permis de r\u00e9duire l&#8217;empreinte carbone, tout en garantissant rapidit\u00e9 de construction et rentabilit\u00e9 gr\u00e2ce \u00e0 une pr\u00e9fabrication optimis\u00e9e. Ses explications \u00e9taient illustr\u00e9es par des images captivantes du chantier en cours.<\/p>\n","protected":false},"excerpt":{"rendered":"<p>Plus de 150 personnes ont particip\u00e9 au Brownbag-Lunch \u00ab Doublement optimis\u00e9 \u00bb du 10 octobre \u00e0 la Schweizer Baumuster-Centrale, t\u00e9moignant de l&#8217;int\u00e9r\u00eat croissant pour la construction durable et hybride de gratte-ciels \u00e0 Zurich. Lors de cette rencontre, les trois intervenants ont pr\u00e9sent\u00e9 le projet pionnier Tilia Tower\u00a9, qui s&#8217;\u00e9l\u00e8ve actuellement \u00e0 Prilly, pr\u00e8s de Lausanne, [&hellip;]<\/p>\n","protected":false},"author":101013,"featured_media":35545,"comment_status":"closed","ping_status":"closed","sticky":false,"template":"","format":"standard","meta":{"_acf_changed":false,"footnotes":""},"categories":[3],"tags":[],"class_list":["post-35626","post","type-post","status-publish","format-standard","has-post-thumbnail","hentry","category-non-classifiee"],"acf":[],"_links":{"self":[{"href":"https:\/\/lmp-ing.ch\/fr\/wp-json\/wp\/v2\/posts\/35626","targetHints":{"allow":["GET"]}}],"collection":[{"href":"https:\/\/lmp-ing.ch\/fr\/wp-json\/wp\/v2\/posts"}],"about":[{"href":"https:\/\/lmp-ing.ch\/fr\/wp-json\/wp\/v2\/types\/post"}],"author":[{"embeddable":true,"href":"https:\/\/lmp-ing.ch\/fr\/wp-json\/wp\/v2\/users\/101013"}],"replies":[{"embeddable":true,"href":"https:\/\/lmp-ing.ch\/fr\/wp-json\/wp\/v2\/comments?post=35626"}],"version-history":[{"count":2,"href":"https:\/\/lmp-ing.ch\/fr\/wp-json\/wp\/v2\/posts\/35626\/revisions"}],"predecessor-version":[{"id":35628,"href":"https:\/\/lmp-ing.ch\/fr\/wp-json\/wp\/v2\/posts\/35626\/revisions\/35628"}],"wp:featuredmedia":[{"embeddable":true,"href":"https:\/\/lmp-ing.ch\/fr\/wp-json\/wp\/v2\/media\/35545"}],"wp:attachment":[{"href":"https:\/\/lmp-ing.ch\/fr\/wp-json\/wp\/v2\/media?parent=35626"}],"wp:term":[{"taxonomy":"category","embeddable":true,"href":"https:\/\/lmp-ing.ch\/fr\/wp-json\/wp\/v2\/categories?post=35626"},{"taxonomy":"post_tag","embeddable":true,"href":"https:\/\/lmp-ing.ch\/fr\/wp-json\/wp\/v2\/tags?post=35626"}],"curies":[{"name":"wp","href":"https:\/\/api.w.org\/{rel}","templated":true}]}}