{"id":35880,"date":"2024-11-12T21:17:30","date_gmt":"2024-11-12T20:17:30","guid":{"rendered":"https:\/\/www.luechingermeyer.ch\/galerie\/"},"modified":"2024-11-18T16:57:00","modified_gmt":"2024-11-18T15:57:00","slug":"galerie","status":"publish","type":"post","link":"https:\/\/lmp-ing.ch\/fr\/galerie\/","title":{"rendered":"galerie"},"content":{"rendered":"<p>Le projet \u00ab galerie \u00bb se pr\u00e9sente comme une proposition impressionnante pour le nouveau campus des hautes \u00e9coles sp\u00e9cialis\u00e9es \u00e0 Brig-Glis. La Haute \u00e9cole sp\u00e9cialis\u00e9e de Suisse occidentale Valais-Wallis (<a href=\"https:\/\/www.hevs.ch\/fr\" target=\"_blank\" rel=\"noopener\">HES-SO Valais-Wallis<\/a>), la <a href=\"https:\/\/www.es-sante.ch\/\" target=\"_blank\" rel=\"noopener\">Haute \u00c9cole de Sant\u00e9 Valais-Wallis<\/a>, la Haute \u00c9cole P\u00e9dagogique <a href=\"https:\/\/www.hepvs.ch\/de\/\" target=\"_blank\" rel=\"noopener\">PH-VS<\/a> ainsi que le canton du Valais s&#8217;engagent ensemble pour ce centre de formation et de recherche novateur en Haut-Valais, qui pourra accueillir jusqu&#8217;\u00e0 330 \u00e9tudiants et 80 enseignants. Dans le cadre du concours d&#8217;architecture, le projet \u00ab galerie \u00bb de l&#8217;\u00e9quipe de <a href=\"https:\/\/www.translocal.eu\/fr\" target=\"_blank\" rel=\"noopener\">Translocal Architecture<\/a> a remport\u00e9 la deuxi\u00e8me place. Le jury a particuli\u00e8rement appr\u00e9ci\u00e9 le concept, parfaitement adapt\u00e9 aux sp\u00e9cificit\u00e9s du lieu et offrant des espaces de rencontre et d&#8217;\u00e9change tant \u00e0 l&#8217;int\u00e9rieur qu&#8217;\u00e0 l&#8217;ext\u00e9rieur.<\/p>\n<p>&nbsp;<\/p>\n<p>&nbsp;<\/p>\n","protected":false},"excerpt":{"rendered":"<p>Le projet \u00ab galerie \u00bb se pr\u00e9sente comme une proposition impressionnante pour le nouveau campus des hautes \u00e9coles sp\u00e9cialis\u00e9es \u00e0 Brig-Glis. La Haute \u00e9cole sp\u00e9cialis\u00e9e de Suisse occidentale Valais-Wallis (HES-SO Valais-Wallis), la Haute \u00c9cole de Sant\u00e9 Valais-Wallis, la Haute \u00c9cole P\u00e9dagogique PH-VS ainsi que le canton du Valais s&#8217;engagent ensemble pour ce centre de formation [&hellip;]<\/p>\n","protected":false},"author":101013,"featured_media":35857,"comment_status":"closed","ping_status":"closed","sticky":false,"template":"","format":"standard","meta":{"_acf_changed":false,"footnotes":""},"categories":[3],"tags":[],"class_list":["post-35880","post","type-post","status-publish","format-standard","has-post-thumbnail","hentry","category-non-classifiee"],"acf":[],"_links":{"self":[{"href":"https:\/\/lmp-ing.ch\/fr\/wp-json\/wp\/v2\/posts\/35880","targetHints":{"allow":["GET"]}}],"collection":[{"href":"https:\/\/lmp-ing.ch\/fr\/wp-json\/wp\/v2\/posts"}],"about":[{"href":"https:\/\/lmp-ing.ch\/fr\/wp-json\/wp\/v2\/types\/post"}],"author":[{"embeddable":true,"href":"https:\/\/lmp-ing.ch\/fr\/wp-json\/wp\/v2\/users\/101013"}],"replies":[{"embeddable":true,"href":"https:\/\/lmp-ing.ch\/fr\/wp-json\/wp\/v2\/comments?post=35880"}],"version-history":[{"count":2,"href":"https:\/\/lmp-ing.ch\/fr\/wp-json\/wp\/v2\/posts\/35880\/revisions"}],"predecessor-version":[{"id":35882,"href":"https:\/\/lmp-ing.ch\/fr\/wp-json\/wp\/v2\/posts\/35880\/revisions\/35882"}],"wp:featuredmedia":[{"embeddable":true,"href":"https:\/\/lmp-ing.ch\/fr\/wp-json\/wp\/v2\/media\/35857"}],"wp:attachment":[{"href":"https:\/\/lmp-ing.ch\/fr\/wp-json\/wp\/v2\/media?parent=35880"}],"wp:term":[{"taxonomy":"category","embeddable":true,"href":"https:\/\/lmp-ing.ch\/fr\/wp-json\/wp\/v2\/categories?post=35880"},{"taxonomy":"post_tag","embeddable":true,"href":"https:\/\/lmp-ing.ch\/fr\/wp-json\/wp\/v2\/tags?post=35880"}],"curies":[{"name":"wp","href":"https:\/\/api.w.org\/{rel}","templated":true}]}}