{"id":36461,"date":"2024-12-06T12:47:01","date_gmt":"2024-12-06T11:47:01","guid":{"rendered":"https:\/\/www.luechingermeyer.ch\/auftakt-neubau-fhz-graubuenden\/"},"modified":"2025-04-23T15:18:08","modified_gmt":"2025-04-23T13:18:08","slug":"auftakt-neubau-fhz-graubuenden","status":"publish","type":"post","link":"https:\/\/lmp-ing.ch\/fr\/auftakt-neubau-fhz-graubuenden\/","title":{"rendered":"Lancement de la construction du nouveau FHZ Graub\u00fcnden"},"content":{"rendered":"<p>Il y a une semaine, jeudi, seul le ciel au-dessus de Coire \u00e9tait de mauvaise humeur. L&#8217;ambiance parmi les invit\u00e9s du coup d&#8217;envoi pour le nouveau <a href=\"https:\/\/www.luechingermeyer.ch\/fr\/project\/fachhochschulzentrum-graubuenden-chur-2\/\">Centre des hautes \u00e9coles de Graub\u00fcnden<\/a>, en revanche, \u00e9tait domin\u00e9e par l&#8217;enthousiasme et l&#8217;\u00e9nergie. Des repr\u00e9sentants de la politique, des institutions universitaires et de l&#8217;\u00e9quipe de planification s&#8217;\u00e9taient r\u00e9unis pour marquer ensemble le d\u00e9but du plus grand projet de construction du canton, certains d&#8217;entre eux, selon la tradition, en manches relev\u00e9es et arm\u00e9s de leurs outils. Parmi les invit\u00e9s figuraient \u00e9galement les ing\u00e9nieurs en structures de L\u00dcCHINGER MEYER PARTNER , qui accompagnent activement le projet aux c\u00f4t\u00e9s des architectes de <a href=\"https:\/\/www.giulianihoenger.ch\/en\">Giuliani H\u00f6nger<\/a>. En particulier pour l&#8217;\u00e9quipe de planification, le passage de la phase de conception \u00e0 celle de la r\u00e9alisation constitue une \u00e9tape importante, marqu\u00e9e par un changement essentiel dans le caract\u00e8re du processus de projet.<\/p>\n","protected":false},"excerpt":{"rendered":"<p>Il y a une semaine, jeudi, seul le ciel au-dessus de Coire \u00e9tait de mauvaise humeur. L&#8217;ambiance parmi les invit\u00e9s du coup d&#8217;envoi pour le nouveau Centre des hautes \u00e9coles de Graub\u00fcnden, en revanche, \u00e9tait domin\u00e9e par l&#8217;enthousiasme et l&#8217;\u00e9nergie. Des repr\u00e9sentants de la politique, des institutions universitaires et de l&#8217;\u00e9quipe de planification s&#8217;\u00e9taient r\u00e9unis [&hellip;]<\/p>\n","protected":false},"author":101013,"featured_media":36328,"comment_status":"closed","ping_status":"closed","sticky":false,"template":"","format":"standard","meta":{"_acf_changed":false,"footnotes":""},"categories":[3],"tags":[],"class_list":["post-36461","post","type-post","status-publish","format-standard","has-post-thumbnail","hentry","category-non-classifiee"],"acf":[],"_links":{"self":[{"href":"https:\/\/lmp-ing.ch\/fr\/wp-json\/wp\/v2\/posts\/36461","targetHints":{"allow":["GET"]}}],"collection":[{"href":"https:\/\/lmp-ing.ch\/fr\/wp-json\/wp\/v2\/posts"}],"about":[{"href":"https:\/\/lmp-ing.ch\/fr\/wp-json\/wp\/v2\/types\/post"}],"author":[{"embeddable":true,"href":"https:\/\/lmp-ing.ch\/fr\/wp-json\/wp\/v2\/users\/101013"}],"replies":[{"embeddable":true,"href":"https:\/\/lmp-ing.ch\/fr\/wp-json\/wp\/v2\/comments?post=36461"}],"version-history":[{"count":3,"href":"https:\/\/lmp-ing.ch\/fr\/wp-json\/wp\/v2\/posts\/36461\/revisions"}],"predecessor-version":[{"id":38960,"href":"https:\/\/lmp-ing.ch\/fr\/wp-json\/wp\/v2\/posts\/36461\/revisions\/38960"}],"wp:featuredmedia":[{"embeddable":true,"href":"https:\/\/lmp-ing.ch\/fr\/wp-json\/wp\/v2\/media\/36328"}],"wp:attachment":[{"href":"https:\/\/lmp-ing.ch\/fr\/wp-json\/wp\/v2\/media?parent=36461"}],"wp:term":[{"taxonomy":"category","embeddable":true,"href":"https:\/\/lmp-ing.ch\/fr\/wp-json\/wp\/v2\/categories?post=36461"},{"taxonomy":"post_tag","embeddable":true,"href":"https:\/\/lmp-ing.ch\/fr\/wp-json\/wp\/v2\/tags?post=36461"}],"curies":[{"name":"wp","href":"https:\/\/api.w.org\/{rel}","templated":true}]}}