{"id":41331,"date":"2025-07-08T17:08:33","date_gmt":"2025-07-08T15:08:33","guid":{"rendered":"https:\/\/lmp-ing.ch\/wanderlust-und-wasserfreuden\/"},"modified":"2025-07-09T15:13:22","modified_gmt":"2025-07-09T13:13:22","slug":"wanderlust-und-wasserfreuden","status":"publish","type":"post","link":"https:\/\/lmp-ing.ch\/fr\/wanderlust-und-wasserfreuden\/","title":{"rendered":"Randonn\u00e9e  et plaisirs de l&#8217;eau"},"content":{"rendered":"<p>Notre semaine derni\u00e8re a \u00e9t\u00e9 marqu\u00e9e par une escapade estivale exceptionnelle, entre immersion en pleine nature et moments partag\u00e9s avec une large partie de l\u2019\u00e9quipe de bureau. Les journ\u00e9es de randonn\u00e9e 2025 nous ont emmen\u00e9s au c\u0153ur des gorges du Rhin, l\u2019un des paysages les plus spectaculaires des Alpes suisses. L\u00e0 o\u00f9 le Rhin a sculpt\u00e9 la roche depuis des mill\u00e9naires, 80 collaborateurs et collaboratrices de L\u00dcCHINGER MEYER PARTNER, venus de Zurich, Lausanne, Lucerne et Madrid, ont march\u00e9 et pagay\u00e9 pendant deux jours, sur les traces de ces puissantes forces naturelles.<br \/>\nLa randonn\u00e9e a commenc\u00e9 dans la for\u00eat de Flims, longeant les eaux cristallines du lac Cauma et les falaises impressionnantes des gorges du Rhin. Depuis la plateforme \u00abIl Spir\u00bb, nous avons profit\u00e9 d\u2019une vue \u00e0 couper le souffle sur la Ruinaulta, avant de pique-niquer tous ensemble. Une baignade rafra\u00eechissante au lac de Cresta a relanc\u00e9 toute l\u2019\u00e9quipe pour les derniers kilom\u00e8tres, bouclant un parcours de 15 km. Le soir, nous avons pos\u00e9 nos sacs au <a href=\"https:\/\/www.youthhostel.ch\/fr\/auberges\/wellnesshostel-3000-laax\">Wellnesshostel3000<\/a> \u00e0 Laax. Apr\u00e8s quelques tours de toboggan aquatique, un excellent d\u00eener nous attendait \u00e0 <a href=\"https:\/\/www.adula.ch\/fr\/?_gl=1*1lfjc7*_up*MQ..*_gs*MQ..&amp;gclid=CjwKCAjwg7PDBhBxEiwAf1CVu1iqZw-V-ChZkmQCPDvu5sr2akJQLdYrrGFkV0o0Z5uzzti-v2VPThoCexAQAvD_BwE\">l\u2019h\u00f4tel Adula<\/a> \u00e0 Flims. La soir\u00e9e s\u2019est prolong\u00e9e pour certains sur l\u2019esplanade de l\u2019auberge, dans la fra\u00eecheur de la nuit alpine, avec un clin d\u2019\u0153il \u00e0 la barmaid du <a href=\"https:\/\/biblau.ch\/\">Biblau<\/a>, qui a prolong\u00e9 son service pour nous!<\/p>\n","protected":false},"excerpt":{"rendered":"<p>Notre semaine derni\u00e8re a \u00e9t\u00e9 marqu\u00e9e par une escapade estivale exceptionnelle, entre immersion en pleine nature et moments partag\u00e9s avec une large partie de l\u2019\u00e9quipe de bureau. Les journ\u00e9es de randonn\u00e9e 2025 nous ont emmen\u00e9s au c\u0153ur des gorges du Rhin, l\u2019un des paysages les plus spectaculaires des Alpes suisses. L\u00e0 o\u00f9 le Rhin a [&hellip;]<\/p>\n","protected":false},"author":101013,"featured_media":41032,"comment_status":"closed","ping_status":"closed","sticky":false,"template":"","format":"standard","meta":{"_acf_changed":false,"footnotes":""},"categories":[3],"tags":[],"class_list":["post-41331","post","type-post","status-publish","format-standard","has-post-thumbnail","hentry","category-non-classifiee"],"acf":[],"_links":{"self":[{"href":"https:\/\/lmp-ing.ch\/fr\/wp-json\/wp\/v2\/posts\/41331","targetHints":{"allow":["GET"]}}],"collection":[{"href":"https:\/\/lmp-ing.ch\/fr\/wp-json\/wp\/v2\/posts"}],"about":[{"href":"https:\/\/lmp-ing.ch\/fr\/wp-json\/wp\/v2\/types\/post"}],"author":[{"embeddable":true,"href":"https:\/\/lmp-ing.ch\/fr\/wp-json\/wp\/v2\/users\/101013"}],"replies":[{"embeddable":true,"href":"https:\/\/lmp-ing.ch\/fr\/wp-json\/wp\/v2\/comments?post=41331"}],"version-history":[{"count":2,"href":"https:\/\/lmp-ing.ch\/fr\/wp-json\/wp\/v2\/posts\/41331\/revisions"}],"predecessor-version":[{"id":41333,"href":"https:\/\/lmp-ing.ch\/fr\/wp-json\/wp\/v2\/posts\/41331\/revisions\/41333"}],"wp:featuredmedia":[{"embeddable":true,"href":"https:\/\/lmp-ing.ch\/fr\/wp-json\/wp\/v2\/media\/41032"}],"wp:attachment":[{"href":"https:\/\/lmp-ing.ch\/fr\/wp-json\/wp\/v2\/media?parent=41331"}],"wp:term":[{"taxonomy":"category","embeddable":true,"href":"https:\/\/lmp-ing.ch\/fr\/wp-json\/wp\/v2\/categories?post=41331"},{"taxonomy":"post_tag","embeddable":true,"href":"https:\/\/lmp-ing.ch\/fr\/wp-json\/wp\/v2\/tags?post=41331"}],"curies":[{"name":"wp","href":"https:\/\/api.w.org\/{rel}","templated":true}]}}