{"id":41341,"date":"2025-07-10T16:39:55","date_gmt":"2025-07-10T14:39:55","guid":{"rendered":"https:\/\/lmp-ing.ch\/naechster-halt-zukunft\/"},"modified":"2025-07-11T09:17:40","modified_gmt":"2025-07-11T07:17:40","slug":"naechster-halt-zukunft","status":"publish","type":"post","link":"https:\/\/lmp-ing.ch\/fr\/naechster-halt-zukunft\/","title":{"rendered":"Prochaine Etape\u00a0: le futur"},"content":{"rendered":"<p>L\u2019effervescence des examens de fin d\u2019apprentissage a laiss\u00e9 place \u00e0 une perspective sereine et prometteuse. Nous adressons nos plus sinc\u00e8res f\u00e9licitations \u00e0 notre apprenti Silvan Giger, qui a brillamment obtenu son certificat f\u00e9d\u00e9ral de capacit\u00e9 (CFC) de dessinateur orientation g\u00e9nie civil. Silvan s\u2019est distingu\u00e9 non seulement lors des examens finaux, mais \u00e9galement tout au long de sa formation, par son engagement constant et la qualit\u00e9 de son travail. Impliqu\u00e9 dans des projets d\u2019envergure \u00e0 Zurich, Dietikon et Pratteln, il s\u2019est aussi illustr\u00e9 en tant que jeune talent sportif, coll\u00e8gue solidaire aupr\u00e8s des apprentis plus jeunes, et collaborateur motiv\u00e9 lors de son <a href=\"https:\/\/lmp-ing.ch\/fr\/baustellenschnuppern\/\">stage sur chantier<\/a>. Il est aujourd\u2019hui un membre pleinement int\u00e9gr\u00e9 et appr\u00e9ci\u00e9 de notre \u00e9quipe de dessinatrices et dessinateurs du bureau de Zurich. Sa r\u00e9ussite marque l\u2019aboutissement d\u2019un parcours de quatre ann\u00e9es de formation, couronn\u00e9 avec brio. Nous remercions chaleureusement l\u2019ensemble des formateurs pour leur accompagnement comp\u00e9tent et engag\u00e9 tout au long de ce parcours.<\/p>\n<p>&nbsp;<\/p>\n<p>&nbsp;<\/p>\n","protected":false},"excerpt":{"rendered":"<p>L\u2019effervescence des examens de fin d\u2019apprentissage a laiss\u00e9 place \u00e0 une perspective sereine et prometteuse. Nous adressons nos plus sinc\u00e8res f\u00e9licitations \u00e0 notre apprenti Silvan Giger, qui a brillamment obtenu son certificat f\u00e9d\u00e9ral de capacit\u00e9 (CFC) de dessinateur orientation g\u00e9nie civil. Silvan s\u2019est distingu\u00e9 non seulement lors des examens finaux, mais \u00e9galement tout au long [&hellip;]<\/p>\n","protected":false},"author":101013,"featured_media":41336,"comment_status":"closed","ping_status":"closed","sticky":false,"template":"","format":"standard","meta":{"_acf_changed":false,"footnotes":""},"categories":[3],"tags":[],"class_list":["post-41341","post","type-post","status-publish","format-standard","has-post-thumbnail","hentry","category-non-classifiee"],"acf":[],"_links":{"self":[{"href":"https:\/\/lmp-ing.ch\/fr\/wp-json\/wp\/v2\/posts\/41341","targetHints":{"allow":["GET"]}}],"collection":[{"href":"https:\/\/lmp-ing.ch\/fr\/wp-json\/wp\/v2\/posts"}],"about":[{"href":"https:\/\/lmp-ing.ch\/fr\/wp-json\/wp\/v2\/types\/post"}],"author":[{"embeddable":true,"href":"https:\/\/lmp-ing.ch\/fr\/wp-json\/wp\/v2\/users\/101013"}],"replies":[{"embeddable":true,"href":"https:\/\/lmp-ing.ch\/fr\/wp-json\/wp\/v2\/comments?post=41341"}],"version-history":[{"count":2,"href":"https:\/\/lmp-ing.ch\/fr\/wp-json\/wp\/v2\/posts\/41341\/revisions"}],"predecessor-version":[{"id":41343,"href":"https:\/\/lmp-ing.ch\/fr\/wp-json\/wp\/v2\/posts\/41341\/revisions\/41343"}],"wp:featuredmedia":[{"embeddable":true,"href":"https:\/\/lmp-ing.ch\/fr\/wp-json\/wp\/v2\/media\/41336"}],"wp:attachment":[{"href":"https:\/\/lmp-ing.ch\/fr\/wp-json\/wp\/v2\/media?parent=41341"}],"wp:term":[{"taxonomy":"category","embeddable":true,"href":"https:\/\/lmp-ing.ch\/fr\/wp-json\/wp\/v2\/categories?post=41341"},{"taxonomy":"post_tag","embeddable":true,"href":"https:\/\/lmp-ing.ch\/fr\/wp-json\/wp\/v2\/tags?post=41341"}],"curies":[{"name":"wp","href":"https:\/\/api.w.org\/{rel}","templated":true}]}}