{"id":41518,"date":"2025-07-15T16:37:03","date_gmt":"2025-07-15T14:37:03","guid":{"rendered":"https:\/\/lmp-ing.ch\/schulpavillon-wetzikon-2-0\/"},"modified":"2025-07-16T09:32:56","modified_gmt":"2025-07-16T07:32:56","slug":"schulpavillon-wetzikon-2-0","status":"publish","type":"post","link":"https:\/\/lmp-ing.ch\/fr\/schulpavillon-wetzikon-2-0\/","title":{"rendered":"Pavillon scolaire Wetzikon 2.0"},"content":{"rendered":"<p>Dans le cadre de la r\u00e9novation compl\u00e8te et de l\u2019agrandissement du complexe scolaire primaire de Walenbach, une mesure exemplaire de r\u00e9utilisation a \u00e9t\u00e9 mise en \u0153uvre.<br \/>\nLes responsables de la ville de Wetzikon ont d\u00e9cid\u00e9 de r\u00e9installer le pavillon en bois existant (b\u00e2timent B), qui sera remplac\u00e9 par une nouvelle construction, sur le site de l\u2019\u00e9cole Guldisloo afin de continuer \u00e0 l\u2019utiliser comme b\u00e2timent scolaire. Pour garantir la r\u00e9utilisation conforme de la structure porteuse du b\u00e2timent, des renforcements en mati\u00e8re de protection incendie, de capacit\u00e9 portante et de s\u00e9curit\u00e9 sismique ont \u00e9t\u00e9 n\u00e9cessaires.<\/p>\n","protected":false},"excerpt":{"rendered":"<p>Dans le cadre de la r\u00e9novation compl\u00e8te et de l\u2019agrandissement du complexe scolaire primaire de Walenbach, une mesure exemplaire de r\u00e9utilisation a \u00e9t\u00e9 mise en \u0153uvre. Les responsables de la ville de Wetzikon ont d\u00e9cid\u00e9 de r\u00e9installer le pavillon en bois existant (b\u00e2timent B), qui sera remplac\u00e9 par une nouvelle construction, sur le site de [&hellip;]<\/p>\n","protected":false},"author":101013,"featured_media":41463,"comment_status":"closed","ping_status":"closed","sticky":false,"template":"","format":"standard","meta":{"_acf_changed":false,"footnotes":""},"categories":[3],"tags":[],"class_list":["post-41518","post","type-post","status-publish","format-standard","has-post-thumbnail","hentry","category-non-classifiee"],"acf":[],"_links":{"self":[{"href":"https:\/\/lmp-ing.ch\/fr\/wp-json\/wp\/v2\/posts\/41518","targetHints":{"allow":["GET"]}}],"collection":[{"href":"https:\/\/lmp-ing.ch\/fr\/wp-json\/wp\/v2\/posts"}],"about":[{"href":"https:\/\/lmp-ing.ch\/fr\/wp-json\/wp\/v2\/types\/post"}],"author":[{"embeddable":true,"href":"https:\/\/lmp-ing.ch\/fr\/wp-json\/wp\/v2\/users\/101013"}],"replies":[{"embeddable":true,"href":"https:\/\/lmp-ing.ch\/fr\/wp-json\/wp\/v2\/comments?post=41518"}],"version-history":[{"count":2,"href":"https:\/\/lmp-ing.ch\/fr\/wp-json\/wp\/v2\/posts\/41518\/revisions"}],"predecessor-version":[{"id":41520,"href":"https:\/\/lmp-ing.ch\/fr\/wp-json\/wp\/v2\/posts\/41518\/revisions\/41520"}],"wp:featuredmedia":[{"embeddable":true,"href":"https:\/\/lmp-ing.ch\/fr\/wp-json\/wp\/v2\/media\/41463"}],"wp:attachment":[{"href":"https:\/\/lmp-ing.ch\/fr\/wp-json\/wp\/v2\/media?parent=41518"}],"wp:term":[{"taxonomy":"category","embeddable":true,"href":"https:\/\/lmp-ing.ch\/fr\/wp-json\/wp\/v2\/categories?post=41518"},{"taxonomy":"post_tag","embeddable":true,"href":"https:\/\/lmp-ing.ch\/fr\/wp-json\/wp\/v2\/tags?post=41518"}],"curies":[{"name":"wp","href":"https:\/\/api.w.org\/{rel}","templated":true}]}}