{"id":42053,"date":"2025-08-14T14:08:47","date_gmt":"2025-08-14T12:08:47","guid":{"rendered":"https:\/\/lmp-ing.ch\/das-gruene-kraftwerk-in-altstetten\/"},"modified":"2025-08-15T13:55:48","modified_gmt":"2025-08-15T11:55:48","slug":"das-gruene-kraftwerk-in-altstetten","status":"publish","type":"post","link":"https:\/\/lmp-ing.ch\/fr\/das-gruene-kraftwerk-in-altstetten\/","title":{"rendered":"La centrale verte d\u2019Altstetten"},"content":{"rendered":"<p>Les conditions m\u00e9t\u00e9orologiques actuelles r\u00e9jouissent non seulement les Zurichoises et Zurichois amateurs d\u2019\u00e9t\u00e9, mais offrent aussi des journ\u00e9es \u00e0 fort rendement pour la nouvelle centrale \u00abverte\u00bb d\u2019Altstetten. <a href=\"https:\/\/lmp-ing.ch\/fr\/project\/hauptsitz-energie-360-umbau-und-erweiterung\/\">L\u2019extension et la r\u00e9novation du si\u00e8ge d\u2019Energie 360\u00b0<\/a> ont \u00e9t\u00e9 achev\u00e9es ce printemps. 1\u2019600 modules photovolta\u00efques (PV) habillent la fa\u00e7ade du b\u00e2timent allong\u00e9, devenu un v\u00e9ritable point de mire pour toutes les personnes qui traversent l\u2019Europabr\u00fccke. Outre l\u2019activation de l\u2019enveloppe du b\u00e2timent, le projet visait surtout la reconfiguration et l\u2019extension des surfaces de bureaux \u00e0 l\u2019int\u00e9rieur. Sur la base d\u2019un succ\u00e8s remport\u00e9 au concours par <a href=\"https:\/\/www.jessenvollenweider.ch\/home\/\">Jessenvollenweider Architektur<\/a>, un environnement de travail contemporain pour quelque 330 collaborateurs et collaboratrices a vu le jour.<\/p>\n","protected":false},"excerpt":{"rendered":"<p>Les conditions m\u00e9t\u00e9orologiques actuelles r\u00e9jouissent non seulement les Zurichoises et Zurichois amateurs d\u2019\u00e9t\u00e9, mais offrent aussi des journ\u00e9es \u00e0 fort rendement pour la nouvelle centrale \u00abverte\u00bb d\u2019Altstetten. L\u2019extension et la r\u00e9novation du si\u00e8ge d\u2019Energie 360\u00b0 ont \u00e9t\u00e9 achev\u00e9es ce printemps. 1\u2019600 modules photovolta\u00efques (PV) habillent la fa\u00e7ade du b\u00e2timent allong\u00e9, devenu un v\u00e9ritable point de [&hellip;]<\/p>\n","protected":false},"author":101013,"featured_media":41999,"comment_status":"closed","ping_status":"closed","sticky":false,"template":"","format":"standard","meta":{"_acf_changed":false,"footnotes":""},"categories":[3],"tags":[],"class_list":["post-42053","post","type-post","status-publish","format-standard","has-post-thumbnail","hentry","category-non-classifiee"],"acf":[],"_links":{"self":[{"href":"https:\/\/lmp-ing.ch\/fr\/wp-json\/wp\/v2\/posts\/42053","targetHints":{"allow":["GET"]}}],"collection":[{"href":"https:\/\/lmp-ing.ch\/fr\/wp-json\/wp\/v2\/posts"}],"about":[{"href":"https:\/\/lmp-ing.ch\/fr\/wp-json\/wp\/v2\/types\/post"}],"author":[{"embeddable":true,"href":"https:\/\/lmp-ing.ch\/fr\/wp-json\/wp\/v2\/users\/101013"}],"replies":[{"embeddable":true,"href":"https:\/\/lmp-ing.ch\/fr\/wp-json\/wp\/v2\/comments?post=42053"}],"version-history":[{"count":4,"href":"https:\/\/lmp-ing.ch\/fr\/wp-json\/wp\/v2\/posts\/42053\/revisions"}],"predecessor-version":[{"id":42073,"href":"https:\/\/lmp-ing.ch\/fr\/wp-json\/wp\/v2\/posts\/42053\/revisions\/42073"}],"wp:featuredmedia":[{"embeddable":true,"href":"https:\/\/lmp-ing.ch\/fr\/wp-json\/wp\/v2\/media\/41999"}],"wp:attachment":[{"href":"https:\/\/lmp-ing.ch\/fr\/wp-json\/wp\/v2\/media?parent=42053"}],"wp:term":[{"taxonomy":"category","embeddable":true,"href":"https:\/\/lmp-ing.ch\/fr\/wp-json\/wp\/v2\/categories?post=42053"},{"taxonomy":"post_tag","embeddable":true,"href":"https:\/\/lmp-ing.ch\/fr\/wp-json\/wp\/v2\/tags?post=42053"}],"curies":[{"name":"wp","href":"https:\/\/api.w.org\/{rel}","templated":true}]}}