{"id":42241,"date":"2025-08-23T23:29:05","date_gmt":"2025-08-23T21:29:05","guid":{"rendered":"https:\/\/lmp-ing.ch\/zentrale-pratteln-wird-erwachsen\/"},"modified":"2025-08-25T19:09:40","modified_gmt":"2025-08-25T17:09:40","slug":"zentrale-pratteln-wird-erwachsen","status":"publish","type":"post","link":"https:\/\/lmp-ing.ch\/fr\/zentrale-pratteln-wird-erwachsen\/","title":{"rendered":"La Centrale Pratteln prend de l\u2019ampleur"},"content":{"rendered":"<p>\u00ab De grandes \u00e9tapes ont d\u00e9j\u00e0 \u00e9t\u00e9 franchies ! \u00bb c\u2019est par ces mots que <a href=\"https:\/\/www.s-b.swiss\/\">S+B Baumanagement<\/a> et les six ma\u00eetres d\u2019ouvrage \u00e0 but non lucratif <a href=\"https:\/\/www.logis.ch\/de\/home\">Logis Suisse AG<\/a>, <a href=\"https:\/\/www.wgn.ch\/\">wgn<\/a>, <a href=\"https:\/\/www.gewona.ch\/\">Gewona<\/a>,\u00a0<a href=\"https:\/\/www.mietshaeusersyndikat.ch\/\">Mietsh\u00e4usersyndikat<\/a>, <a href=\"https:\/\/homebase.swiss\/\">Homebase<\/a> et <a href=\"https:\/\/habitare-wohnen.ch\/\">Habitare Schweiz AG<\/a> ont invit\u00e9 mercredi dernier \u00e0 la c\u00e9r\u00e9monie du bouquet final de la <a href=\"https:\/\/www.zentralepratteln.ch\/\">Centrale Pratteln<\/a>. Au nord de la gare, un quartier ambitieux comprenant des espaces r\u00e9sidentiels, commerciaux et culturels est en train de voir le jour. Au total, 480 nouveaux logements seront construits dans les ensembles Ouest, Nord, Est et Sud. \u00c0 partir de 2026, les quelque 1 200 futur\u00b7es habitant\u00b7es pourront emm\u00e9nager dans leur nouveau domicile. D\u2019ici l\u00e0, les parties r\u00e9nov\u00e9es du b\u00e2timent commercial seront \u00e9galement pr\u00eates \u00e0 \u00eatre occup\u00e9es.<br \/>\nLa c\u00e9r\u00e9monie combinait en r\u00e9alit\u00e9 f\u00eate du bouquet final et f\u00eate du fa\u00eete : la construction brute de certains grands ensembles est d\u00e9j\u00e0 termin\u00e9e, tandis que d\u2019autres sont encore en phase de croissance.<\/p>\n","protected":false},"excerpt":{"rendered":"<p>\u00ab De grandes \u00e9tapes ont d\u00e9j\u00e0 \u00e9t\u00e9 franchies ! \u00bb c\u2019est par ces mots que S+B Baumanagement et les six ma\u00eetres d\u2019ouvrage \u00e0 but non lucratif Logis Suisse AG, wgn, Gewona,\u00a0Mietsh\u00e4usersyndikat, Homebase et Habitare Schweiz AG ont invit\u00e9 mercredi dernier \u00e0 la c\u00e9r\u00e9monie du bouquet final de la Centrale Pratteln. Au nord de la gare, [&hellip;]<\/p>\n","protected":false},"author":101013,"featured_media":42179,"comment_status":"closed","ping_status":"closed","sticky":false,"template":"","format":"standard","meta":{"_acf_changed":false,"footnotes":""},"categories":[3],"tags":[],"class_list":["post-42241","post","type-post","status-publish","format-standard","has-post-thumbnail","hentry","category-non-classifiee"],"acf":[],"_links":{"self":[{"href":"https:\/\/lmp-ing.ch\/fr\/wp-json\/wp\/v2\/posts\/42241","targetHints":{"allow":["GET"]}}],"collection":[{"href":"https:\/\/lmp-ing.ch\/fr\/wp-json\/wp\/v2\/posts"}],"about":[{"href":"https:\/\/lmp-ing.ch\/fr\/wp-json\/wp\/v2\/types\/post"}],"author":[{"embeddable":true,"href":"https:\/\/lmp-ing.ch\/fr\/wp-json\/wp\/v2\/users\/101013"}],"replies":[{"embeddable":true,"href":"https:\/\/lmp-ing.ch\/fr\/wp-json\/wp\/v2\/comments?post=42241"}],"version-history":[{"count":2,"href":"https:\/\/lmp-ing.ch\/fr\/wp-json\/wp\/v2\/posts\/42241\/revisions"}],"predecessor-version":[{"id":42243,"href":"https:\/\/lmp-ing.ch\/fr\/wp-json\/wp\/v2\/posts\/42241\/revisions\/42243"}],"wp:featuredmedia":[{"embeddable":true,"href":"https:\/\/lmp-ing.ch\/fr\/wp-json\/wp\/v2\/media\/42179"}],"wp:attachment":[{"href":"https:\/\/lmp-ing.ch\/fr\/wp-json\/wp\/v2\/media?parent=42241"}],"wp:term":[{"taxonomy":"category","embeddable":true,"href":"https:\/\/lmp-ing.ch\/fr\/wp-json\/wp\/v2\/categories?post=42241"},{"taxonomy":"post_tag","embeddable":true,"href":"https:\/\/lmp-ing.ch\/fr\/wp-json\/wp\/v2\/tags?post=42241"}],"curies":[{"name":"wp","href":"https:\/\/api.w.org\/{rel}","templated":true}]}}