{"id":42747,"date":"2025-08-29T07:55:49","date_gmt":"2025-08-29T05:55:49","guid":{"rendered":"https:\/\/lmp-ing.ch\/rosie-rosenberg\/"},"modified":"2025-09-01T11:16:55","modified_gmt":"2025-09-01T09:16:55","slug":"rosie-rosenberg","status":"publish","type":"post","link":"https:\/\/lmp-ing.ch\/fr\/rosie-rosenberg\/","title":{"rendered":"Rosie &#038; Rosenberg"},"content":{"rendered":"<p>La croissance continue du nombre d\u2019\u00e9tudiants \u00e0 l\u2019<a href=\"https:\/\/www.unisg.ch\/en\/\">Universit\u00e9 de Saint-Gall<\/a> a entra\u00een\u00e9 un besoin urgent de nouveaux espaces pour l\u2019enseignement et la recherche. Sur le site du Platztor doit ainsi voir le jour un nouveau b\u00e2timent universitaire pour environ 3 000 \u00e9tudiants, con\u00e7u comme une \u00ab fabrique du savoir \u00bb tourn\u00e9e vers l\u2019avenir.<br \/>\n\u00c0 c\u00f4t\u00e9 du campus existant de Rosenberg, l\u2019\u00e9quipe <a href=\"https:\/\/bbarc.ch\/en\/\">Buchner Br\u00fcndler Architekten<\/a> \/ <a href=\"https:\/\/www.perita.ch\/de\/\">Perita<\/a> propose le projet \u00ab Rosie \u00bb. Le concept architectural prend la forme d\u2019un volume sobre et sym\u00e9trique. Au-dessus d\u2019un socle regroupant les \u00e9l\u00e9ments centraux du rez-de-chauss\u00e9e \u2013 entr\u00e9e principale, march\u00e9 int\u00e9rieur et foyer \u2013 s\u2019\u00e9l\u00e8vent quatre \u00e9tages accueillant des zones d\u2019apprentissage ouvertes et connect\u00e9es.<br \/>\nLa d\u00e9cision d\u2019attribuer le 2\u1d49 prix au projet est motiv\u00e9e par le jury en ces termes :\u00ab Rosie s\u00e9duit par la qualit\u00e9 de sa r\u00e9ponse \u00e0 des exigences complexes et illustre de mani\u00e8re exemplaire la capacit\u00e9 de l\u2019espace int\u00e9rieur \u00e0 favoriser les rencontres. Le projet combine \u00e9conomie et flexibilit\u00e9 spatiale, tout en incarnant une approche cr\u00e9dible de la durabilit\u00e9 sociale, soci\u00e9tale et \u00e9cologique. [\u2026] Gr\u00e2ce \u00e0 sa pr\u00e9sence noble et lumineuse, Rosie conf\u00e8re \u00e0 l\u2019Universit\u00e9 de Saint-Gall une visibilit\u00e9 renforc\u00e9e au c\u0153ur de la ville. \u00bb<\/p>\n","protected":false},"excerpt":{"rendered":"<p>La croissance continue du nombre d\u2019\u00e9tudiants \u00e0 l\u2019Universit\u00e9 de Saint-Gall a entra\u00een\u00e9 un besoin urgent de nouveaux espaces pour l\u2019enseignement et la recherche. Sur le site du Platztor doit ainsi voir le jour un nouveau b\u00e2timent universitaire pour environ 3 000 \u00e9tudiants, con\u00e7u comme une \u00ab fabrique du savoir \u00bb tourn\u00e9e vers l\u2019avenir. \u00c0 c\u00f4t\u00e9 [&hellip;]<\/p>\n","protected":false},"author":101013,"featured_media":42332,"comment_status":"closed","ping_status":"closed","sticky":false,"template":"","format":"standard","meta":{"_acf_changed":false,"footnotes":""},"categories":[3],"tags":[],"class_list":["post-42747","post","type-post","status-publish","format-standard","has-post-thumbnail","hentry","category-non-classifiee"],"acf":[],"_links":{"self":[{"href":"https:\/\/lmp-ing.ch\/fr\/wp-json\/wp\/v2\/posts\/42747","targetHints":{"allow":["GET"]}}],"collection":[{"href":"https:\/\/lmp-ing.ch\/fr\/wp-json\/wp\/v2\/posts"}],"about":[{"href":"https:\/\/lmp-ing.ch\/fr\/wp-json\/wp\/v2\/types\/post"}],"author":[{"embeddable":true,"href":"https:\/\/lmp-ing.ch\/fr\/wp-json\/wp\/v2\/users\/101013"}],"replies":[{"embeddable":true,"href":"https:\/\/lmp-ing.ch\/fr\/wp-json\/wp\/v2\/comments?post=42747"}],"version-history":[{"count":2,"href":"https:\/\/lmp-ing.ch\/fr\/wp-json\/wp\/v2\/posts\/42747\/revisions"}],"predecessor-version":[{"id":42749,"href":"https:\/\/lmp-ing.ch\/fr\/wp-json\/wp\/v2\/posts\/42747\/revisions\/42749"}],"wp:featuredmedia":[{"embeddable":true,"href":"https:\/\/lmp-ing.ch\/fr\/wp-json\/wp\/v2\/media\/42332"}],"wp:attachment":[{"href":"https:\/\/lmp-ing.ch\/fr\/wp-json\/wp\/v2\/media?parent=42747"}],"wp:term":[{"taxonomy":"category","embeddable":true,"href":"https:\/\/lmp-ing.ch\/fr\/wp-json\/wp\/v2\/categories?post=42747"},{"taxonomy":"post_tag","embeddable":true,"href":"https:\/\/lmp-ing.ch\/fr\/wp-json\/wp\/v2\/tags?post=42747"}],"curies":[{"name":"wp","href":"https:\/\/api.w.org\/{rel}","templated":true}]}}