{"id":42878,"date":"2025-09-07T09:55:09","date_gmt":"2025-09-07T07:55:09","guid":{"rendered":"https:\/\/lmp-ing.ch\/eines-fuer-alle\/"},"modified":"2025-09-09T12:27:29","modified_gmt":"2025-09-09T10:27:29","slug":"eines-fuer-alle","status":"publish","type":"post","link":"https:\/\/lmp-ing.ch\/fr\/eines-fuer-alle\/","title":{"rendered":"Un lieu pour tous"},"content":{"rendered":"<p>Le centre communautaire de Zumikon est depuis toujours le c\u0153ur de la commune, un lieu central de rencontre et d\u2019\u00e9change. Depuis plus de quarante ans, les habitant\u00b7e\u00b7s de Zumikon s\u2019y retrouvent : centre de loisirs, chapelle, salle paroissiale, biblioth\u00e8que, salle communale et de nombreux autres espaces offrent des possibilit\u00e9s multiples de partage et de vie culturelle. Apr\u00e8s quatre d\u00e9cennies d\u2019utilisation, l\u2019ensemble de b\u00e2timents doit d\u00e9sormais \u00eatre profond\u00e9ment r\u00e9nov\u00e9.<br \/>\nDans le cadre de la pr\u00e9paration du vote concernant l\u2019octroi du cr\u00e9dit, tous les habitants ont \u00e9t\u00e9 invit\u00e9s samedi dernier \u00e0 visiter l\u2019ancien centre et \u00e0 d\u00e9couvrir les plans de la transformation. Cette r\u00e9novation va bien au-del\u00e0 d\u2019une simple remise en \u00e9tat. Gr\u00e2ce \u00e0 des interventions cibl\u00e9es et des compl\u00e9ments bien pens\u00e9s, l\u2019ensemble \u00e9voluera vers un centre communautaire moderne et diversifi\u00e9 : le restaurant d\u00e9saffect\u00e9 \u00ab G\u00fcggel \u00bb deviendra un foyer accueillant pour la salle communale, une nouvelle terrasse sera cr\u00e9\u00e9e sur son toit, et la place du G\u00fcggel b\u00e9n\u00e9ficiera elle aussi d\u2019une mise en valeur.<\/p>\n","protected":false},"excerpt":{"rendered":"<p>Le centre communautaire de Zumikon est depuis toujours le c\u0153ur de la commune, un lieu central de rencontre et d\u2019\u00e9change. Depuis plus de quarante ans, les habitant\u00b7e\u00b7s de Zumikon s\u2019y retrouvent : centre de loisirs, chapelle, salle paroissiale, biblioth\u00e8que, salle communale et de nombreux autres espaces offrent des possibilit\u00e9s multiples de partage et de vie [&hellip;]<\/p>\n","protected":false},"author":101013,"featured_media":42869,"comment_status":"closed","ping_status":"closed","sticky":false,"template":"","format":"standard","meta":{"_acf_changed":false,"footnotes":""},"categories":[3],"tags":[],"class_list":["post-42878","post","type-post","status-publish","format-standard","has-post-thumbnail","hentry","category-non-classifiee"],"acf":[],"_links":{"self":[{"href":"https:\/\/lmp-ing.ch\/fr\/wp-json\/wp\/v2\/posts\/42878","targetHints":{"allow":["GET"]}}],"collection":[{"href":"https:\/\/lmp-ing.ch\/fr\/wp-json\/wp\/v2\/posts"}],"about":[{"href":"https:\/\/lmp-ing.ch\/fr\/wp-json\/wp\/v2\/types\/post"}],"author":[{"embeddable":true,"href":"https:\/\/lmp-ing.ch\/fr\/wp-json\/wp\/v2\/users\/101013"}],"replies":[{"embeddable":true,"href":"https:\/\/lmp-ing.ch\/fr\/wp-json\/wp\/v2\/comments?post=42878"}],"version-history":[{"count":2,"href":"https:\/\/lmp-ing.ch\/fr\/wp-json\/wp\/v2\/posts\/42878\/revisions"}],"predecessor-version":[{"id":42880,"href":"https:\/\/lmp-ing.ch\/fr\/wp-json\/wp\/v2\/posts\/42878\/revisions\/42880"}],"wp:featuredmedia":[{"embeddable":true,"href":"https:\/\/lmp-ing.ch\/fr\/wp-json\/wp\/v2\/media\/42869"}],"wp:attachment":[{"href":"https:\/\/lmp-ing.ch\/fr\/wp-json\/wp\/v2\/media?parent=42878"}],"wp:term":[{"taxonomy":"category","embeddable":true,"href":"https:\/\/lmp-ing.ch\/fr\/wp-json\/wp\/v2\/categories?post=42878"},{"taxonomy":"post_tag","embeddable":true,"href":"https:\/\/lmp-ing.ch\/fr\/wp-json\/wp\/v2\/tags?post=42878"}],"curies":[{"name":"wp","href":"https:\/\/api.w.org\/{rel}","templated":true}]}}