{"id":43305,"date":"2025-09-19T15:53:32","date_gmt":"2025-09-19T13:53:32","guid":{"rendered":"https:\/\/lmp-ing.ch\/ein-jahr-lmp-madrid-eine-erfolgsgeschichte\/"},"modified":"2025-09-19T17:31:04","modified_gmt":"2025-09-19T15:31:04","slug":"ein-jahr-lmp-madrid-eine-erfolgsgeschichte","status":"publish","type":"post","link":"https:\/\/lmp-ing.ch\/fr\/ein-jahr-lmp-madrid-eine-erfolgsgeschichte\/","title":{"rendered":"Un an de LMP Madrid \u2013 une success\u00a0story"},"content":{"rendered":"<p>F\u00e9licitations \u00e0 Madrid ! En septembre 2024, nous avons inaugur\u00e9 notre bureau dans la capitale espagnole. Aujourd\u2019hui, nous f\u00eatons son premier anniversaire et pouvons d\u00e9j\u00e0 dresser le bilan d\u2019une belle r\u00e9ussite. Parti avec une petite \u00e9quipe de quatre personnes dirig\u00e9e par Borja Herraiz, le bureau a d\u00e9j\u00e0 doubl\u00e9 ses effectifs en un an, r\u00e9unissant aujourd\u2019hui une \u00e9quipe internationale d\u2019ing\u00e9nieur\u00b7e\u00b7s\u00a0et de projeteur\u00b7euse\u00b7s. Les locaux actuels de la Calle Sor Angela de la Cruz 26 commencent d\u2019ailleurs \u00e0 se faire \u00e9troits.<br \/>\nEn plus du soutien apport\u00e9 aux projets en cours des bureaux de Zurich, Lucerne et Lausanne, les premi\u00e8res exp\u00e9riences locales ont d\u00e9j\u00e0 pu \u00eatre acquises. Le bureau s\u2019engage aussi activement dans les concours d\u2019architecture en Espagne et \u00e0 l\u2019international, et participe r\u00e9guli\u00e8rement \u00e0 des<a href=\"https:\/\/lmp-ing.ch\/fr\/ache-2025-eine-schweizer-perspektive\/\"> congr\u00e8s sp\u00e9cialis\u00e9s<\/a> afin d\u2019\u00e9largir son r\u00e9seau sur place.<\/p>\n","protected":false},"excerpt":{"rendered":"<p>F\u00e9licitations \u00e0 Madrid ! En septembre 2024, nous avons inaugur\u00e9 notre bureau dans la capitale espagnole. Aujourd\u2019hui, nous f\u00eatons son premier anniversaire et pouvons d\u00e9j\u00e0 dresser le bilan d\u2019une belle r\u00e9ussite. Parti avec une petite \u00e9quipe de quatre personnes dirig\u00e9e par Borja Herraiz, le bureau a d\u00e9j\u00e0 doubl\u00e9 ses effectifs en un an, r\u00e9unissant aujourd\u2019hui [&hellip;]<\/p>\n","protected":false},"author":101013,"featured_media":43296,"comment_status":"closed","ping_status":"closed","sticky":false,"template":"","format":"standard","meta":{"_acf_changed":false,"footnotes":""},"categories":[3],"tags":[],"class_list":["post-43305","post","type-post","status-publish","format-standard","has-post-thumbnail","hentry","category-non-classifiee"],"acf":[],"_links":{"self":[{"href":"https:\/\/lmp-ing.ch\/fr\/wp-json\/wp\/v2\/posts\/43305","targetHints":{"allow":["GET"]}}],"collection":[{"href":"https:\/\/lmp-ing.ch\/fr\/wp-json\/wp\/v2\/posts"}],"about":[{"href":"https:\/\/lmp-ing.ch\/fr\/wp-json\/wp\/v2\/types\/post"}],"author":[{"embeddable":true,"href":"https:\/\/lmp-ing.ch\/fr\/wp-json\/wp\/v2\/users\/101013"}],"replies":[{"embeddable":true,"href":"https:\/\/lmp-ing.ch\/fr\/wp-json\/wp\/v2\/comments?post=43305"}],"version-history":[{"count":2,"href":"https:\/\/lmp-ing.ch\/fr\/wp-json\/wp\/v2\/posts\/43305\/revisions"}],"predecessor-version":[{"id":43307,"href":"https:\/\/lmp-ing.ch\/fr\/wp-json\/wp\/v2\/posts\/43305\/revisions\/43307"}],"wp:featuredmedia":[{"embeddable":true,"href":"https:\/\/lmp-ing.ch\/fr\/wp-json\/wp\/v2\/media\/43296"}],"wp:attachment":[{"href":"https:\/\/lmp-ing.ch\/fr\/wp-json\/wp\/v2\/media?parent=43305"}],"wp:term":[{"taxonomy":"category","embeddable":true,"href":"https:\/\/lmp-ing.ch\/fr\/wp-json\/wp\/v2\/categories?post=43305"},{"taxonomy":"post_tag","embeddable":true,"href":"https:\/\/lmp-ing.ch\/fr\/wp-json\/wp\/v2\/tags?post=43305"}],"curies":[{"name":"wp","href":"https:\/\/api.w.org\/{rel}","templated":true}]}}