{"id":43718,"date":"2025-09-26T10:23:08","date_gmt":"2025-09-26T08:23:08","guid":{"rendered":"https:\/\/lmp-ing.ch\/vorhang-auf-im-centre-pompidou-von-winterthur\/"},"modified":"2025-09-26T13:41:46","modified_gmt":"2025-09-26T11:41:46","slug":"vorhang-auf-im-centre-pompidou-von-winterthur","status":"publish","type":"post","link":"https:\/\/lmp-ing.ch\/fr\/vorhang-auf-im-centre-pompidou-von-winterthur\/","title":{"rendered":"Lever de rideau au \u00ab Centre Pompidou de Winterthour"},"content":{"rendered":"<p>\u00ab Comme le Th\u00e9\u00e2tre de Winterthour. Mais en neuf. \u00bb \u2014 c\u2019est ainsi que l\u2019institution culturelle d\u00e9crit elle-m\u00eame son retour dans son \u00ab chez-soi \u00bb de la Theaterstrasse, juste \u00e0 temps pour la saison 2025\/26. Apr\u00e8s 15 mois de r\u00e9novation compl\u00e8te, la Ville a remis mercredi dernier le b\u00e2timent restaur\u00e9 au Th\u00e9\u00e2tre de Winterthour. Le maire Michael K\u00fcnzle et la responsable des travaux publics Christa Meier ont symboliquement remis les cl\u00e9s de la maison \u00e0 la directrice g\u00e9n\u00e9rale du th\u00e9\u00e2tre, Bettina Durrer, visiblement touch\u00e9e. Parmi les invit\u00e9\u00b7e\u00b7s de la c\u00e9r\u00e9monie figurait \u00e9galement l\u2019\u00e9quipe de L\u00dcCHINGER MEYER PARTNER, qui a accompagn\u00e9 le projet aux c\u00f4t\u00e9s de <a href=\"https:\/\/www.hssp.ch\/\">HSSP<\/a> et <a href=\"https:\/\/www.emi-architekten.ch\/en\/home\/\">EMI architectes<\/a>.<\/p>\n","protected":false},"excerpt":{"rendered":"<p>\u00ab Comme le Th\u00e9\u00e2tre de Winterthour. Mais en neuf. \u00bb \u2014 c\u2019est ainsi que l\u2019institution culturelle d\u00e9crit elle-m\u00eame son retour dans son \u00ab chez-soi \u00bb de la Theaterstrasse, juste \u00e0 temps pour la saison 2025\/26. Apr\u00e8s 15 mois de r\u00e9novation compl\u00e8te, la Ville a remis mercredi dernier le b\u00e2timent restaur\u00e9 au Th\u00e9\u00e2tre de Winterthour. Le [&hellip;]<\/p>\n","protected":false},"author":101013,"featured_media":43680,"comment_status":"closed","ping_status":"closed","sticky":false,"template":"","format":"standard","meta":{"_acf_changed":false,"footnotes":""},"categories":[3],"tags":[],"class_list":["post-43718","post","type-post","status-publish","format-standard","has-post-thumbnail","hentry","category-non-classifiee"],"acf":[],"_links":{"self":[{"href":"https:\/\/lmp-ing.ch\/fr\/wp-json\/wp\/v2\/posts\/43718","targetHints":{"allow":["GET"]}}],"collection":[{"href":"https:\/\/lmp-ing.ch\/fr\/wp-json\/wp\/v2\/posts"}],"about":[{"href":"https:\/\/lmp-ing.ch\/fr\/wp-json\/wp\/v2\/types\/post"}],"author":[{"embeddable":true,"href":"https:\/\/lmp-ing.ch\/fr\/wp-json\/wp\/v2\/users\/101013"}],"replies":[{"embeddable":true,"href":"https:\/\/lmp-ing.ch\/fr\/wp-json\/wp\/v2\/comments?post=43718"}],"version-history":[{"count":2,"href":"https:\/\/lmp-ing.ch\/fr\/wp-json\/wp\/v2\/posts\/43718\/revisions"}],"predecessor-version":[{"id":43720,"href":"https:\/\/lmp-ing.ch\/fr\/wp-json\/wp\/v2\/posts\/43718\/revisions\/43720"}],"wp:featuredmedia":[{"embeddable":true,"href":"https:\/\/lmp-ing.ch\/fr\/wp-json\/wp\/v2\/media\/43680"}],"wp:attachment":[{"href":"https:\/\/lmp-ing.ch\/fr\/wp-json\/wp\/v2\/media?parent=43718"}],"wp:term":[{"taxonomy":"category","embeddable":true,"href":"https:\/\/lmp-ing.ch\/fr\/wp-json\/wp\/v2\/categories?post=43718"},{"taxonomy":"post_tag","embeddable":true,"href":"https:\/\/lmp-ing.ch\/fr\/wp-json\/wp\/v2\/tags?post=43718"}],"curies":[{"name":"wp","href":"https:\/\/api.w.org\/{rel}","templated":true}]}}