{"id":45828,"date":"2025-12-05T12:47:05","date_gmt":"2025-12-05T11:47:05","guid":{"rendered":"https:\/\/lmp-ing.ch\/solana\/"},"modified":"2025-12-08T08:39:28","modified_gmt":"2025-12-08T07:39:28","slug":"solana","status":"publish","type":"post","link":"https:\/\/lmp-ing.ch\/fr\/solana\/","title":{"rendered":"Solana"},"content":{"rendered":"<p>En raison de l&#8217;augmentation pr\u00e9vue du nombre d&#8217;\u00e9l\u00e8ves dans les communes de Bach, Neerach, Stadel et Weiach, l&#8217;\u00e9cole secondaire de Stadel va bient\u00f4t \u00eatre agrandie. Un nouveau b\u00e2timent comprenant des salles de classe, des locaux pour les structures d&#8217;accueil de jour et une double salle de sport viendra compl\u00e9ter le campus scolaire. Le projet <a href=\"https:\/\/lmp-ing.ch\/fr\/project\/sekundarschulhaus-stadel-mit-doppelturnhalle\/\">\u00abSolana\u00bb<\/a> a remport\u00e9 le premier prix du concours. L&#8217;\u00e9quipe du <a href=\"https:\/\/schmid-zioerjen.ch\/\">collectif d&#8217;architectes Schmid Zi\u00f6rjen<\/a> propose un b\u00e2timent ind\u00e9pendant de trois \u00e9tages qui s&#8217;int\u00e8gre dans le complexe actuel. \u00ab Le projet est tr\u00e8s soign\u00e9 et coh\u00e9rent. Toutes les mesures semblent pr\u00e9cises et se compl\u00e8tent mutuellement. Le b\u00e2timent se distingue par sa structure claire et raffin\u00e9e et sa profondeur spatiale, qui cr\u00e9ent une agr\u00e9able sensation de l\u00e9g\u00e8ret\u00e9 et d&#8217;ouverture \u00bb, explique le jury pour justifier sa d\u00e9cision.<br \/>\nLa structure porteuse con\u00e7ue par L\u00dcCHINGER MEYER PARTNER se compose de trois \u00e9l\u00e9ments superpos\u00e9s : le sous-sol en b\u00e9ton coul\u00e9 sur place, le rez-de-chauss\u00e9e libre \u00e0 l&#8217;exception des couronnes de piliers p\u00e9riph\u00e9riques et les \u00e9tages sup\u00e9rieurs \u00ab suspendus \u00bb au-dessus, construits selon une m\u00e9thode mixte.<\/p>\n","protected":false},"excerpt":{"rendered":"<p>En raison de l&#8217;augmentation pr\u00e9vue du nombre d&#8217;\u00e9l\u00e8ves dans les communes de Bach, Neerach, Stadel et Weiach, l&#8217;\u00e9cole secondaire de Stadel va bient\u00f4t \u00eatre agrandie. Un nouveau b\u00e2timent comprenant des salles de classe, des locaux pour les structures d&#8217;accueil de jour et une double salle de sport viendra compl\u00e9ter le campus scolaire. Le projet \u00abSolana\u00bb [&hellip;]<\/p>\n","protected":false},"author":101013,"featured_media":45802,"comment_status":"closed","ping_status":"closed","sticky":false,"template":"","format":"standard","meta":{"_acf_changed":false,"footnotes":""},"categories":[3],"tags":[],"class_list":["post-45828","post","type-post","status-publish","format-standard","has-post-thumbnail","hentry","category-non-classifiee"],"acf":[],"_links":{"self":[{"href":"https:\/\/lmp-ing.ch\/fr\/wp-json\/wp\/v2\/posts\/45828","targetHints":{"allow":["GET"]}}],"collection":[{"href":"https:\/\/lmp-ing.ch\/fr\/wp-json\/wp\/v2\/posts"}],"about":[{"href":"https:\/\/lmp-ing.ch\/fr\/wp-json\/wp\/v2\/types\/post"}],"author":[{"embeddable":true,"href":"https:\/\/lmp-ing.ch\/fr\/wp-json\/wp\/v2\/users\/101013"}],"replies":[{"embeddable":true,"href":"https:\/\/lmp-ing.ch\/fr\/wp-json\/wp\/v2\/comments?post=45828"}],"version-history":[{"count":2,"href":"https:\/\/lmp-ing.ch\/fr\/wp-json\/wp\/v2\/posts\/45828\/revisions"}],"predecessor-version":[{"id":45832,"href":"https:\/\/lmp-ing.ch\/fr\/wp-json\/wp\/v2\/posts\/45828\/revisions\/45832"}],"wp:featuredmedia":[{"embeddable":true,"href":"https:\/\/lmp-ing.ch\/fr\/wp-json\/wp\/v2\/media\/45802"}],"wp:attachment":[{"href":"https:\/\/lmp-ing.ch\/fr\/wp-json\/wp\/v2\/media?parent=45828"}],"wp:term":[{"taxonomy":"category","embeddable":true,"href":"https:\/\/lmp-ing.ch\/fr\/wp-json\/wp\/v2\/categories?post=45828"},{"taxonomy":"post_tag","embeddable":true,"href":"https:\/\/lmp-ing.ch\/fr\/wp-json\/wp\/v2\/tags?post=45828"}],"curies":[{"name":"wp","href":"https:\/\/api.w.org\/{rel}","templated":true}]}}