{"id":47158,"date":"2026-03-03T09:27:47","date_gmt":"2026-03-03T08:27:47","guid":{"rendered":"https:\/\/lmp-ing.ch\/usb-klinikum-2-grundsteinlegung-in-basels-tiefster-baugrube\/"},"modified":"2026-03-04T15:24:34","modified_gmt":"2026-03-04T14:24:34","slug":"usb-klinikum-2-grundsteinlegung-in-basels-tiefster-baugrube","status":"publish","type":"post","link":"https:\/\/lmp-ing.ch\/fr\/usb-klinikum-2-grundsteinlegung-in-basels-tiefster-baugrube\/","title":{"rendered":"USB Klinikum 2 : pose de la premi\u00e8re pierre dans l\u2019excavation la plus profonde de B\u00e2le"},"content":{"rendered":"<p>La premi\u00e8re pierre, pos\u00e9e le 13 f\u00e9vrier dans l\u2019excavation la plus profonde du territoire b\u00e2lois, constitue un jalon majeur \u00e0 la fois symbolique et technique. Elle marque, d\u2019une part, le lancement concret du projet g\u00e9n\u00e9rationnel Campus Sant\u00e9 : le gros \u0153uvre du sous-sol de la tour d\u2019hospitalisation, qui formera une partie du nouveau <a href=\"https:\/\/lmp-ing.ch\/fr\/project\/neubau-klinikum-2-universitaetsspital-basel\/\">Klinikum 2<\/a> de l\u2019H\u00f4pital universitaire de B\u00e2le, est d\u00e9sormais clairement visible. Elle signale, d\u2019autre part, l\u2019ach\u00e8vement des travaux sp\u00e9ciaux de g\u00e9nie civil et le passage de relais au gros \u0153uvre.<br \/>\nNous revenons avec fiert\u00e9 sur la r\u00e9alisation r\u00e9ussie de ce projet de travaux sp\u00e9ciaux, dont la complexit\u00e9 occupe une place tout \u00e0 fait exceptionnelle dans l\u2019activit\u00e9 de L\u00dcCHINGER MEYER PARTNER. Les chiffres parlent d\u2019eux-m\u00eames : un volume d\u2019excavation impressionnant de 120 000 m\u00b3, une profondeur record atteignant 26 m, une paroi de pieux s\u00e9cants ancr\u00e9e s\u00e9curis\u00e9e par jusqu\u2019\u00e0 huit nappes d\u2019ancrages, 590 ancrages actifs mis en \u0153uvre et plus de 200 pieux for\u00e9s r\u00e9alis\u00e9s. Autant d\u2019\u00e9l\u00e9ments qui soulignent l\u2019exigence particuli\u00e8re de ce chantier urbain. L\u2019ex\u00e9cution a en outre n\u00e9cessit\u00e9 un phasage finement planifi\u00e9, tenant compte des nombreuses contraintes li\u00e9es au maintien de l\u2019activit\u00e9 hospitali\u00e8re et \u00e0 la densit\u00e9 du tissu b\u00e2ti environnant.<\/p>\n","protected":false},"excerpt":{"rendered":"<p>La premi\u00e8re pierre, pos\u00e9e le 13 f\u00e9vrier dans l\u2019excavation la plus profonde du territoire b\u00e2lois, constitue un jalon majeur \u00e0 la fois symbolique et technique. Elle marque, d\u2019une part, le lancement concret du projet g\u00e9n\u00e9rationnel Campus Sant\u00e9 : le gros \u0153uvre du sous-sol de la tour d\u2019hospitalisation, qui formera une partie du nouveau Klinikum 2 [&hellip;]<\/p>\n","protected":false},"author":101013,"featured_media":47120,"comment_status":"closed","ping_status":"closed","sticky":false,"template":"","format":"standard","meta":{"_acf_changed":false,"footnotes":""},"categories":[3],"tags":[],"class_list":["post-47158","post","type-post","status-publish","format-standard","has-post-thumbnail","hentry","category-non-classifiee"],"acf":[],"_links":{"self":[{"href":"https:\/\/lmp-ing.ch\/fr\/wp-json\/wp\/v2\/posts\/47158","targetHints":{"allow":["GET"]}}],"collection":[{"href":"https:\/\/lmp-ing.ch\/fr\/wp-json\/wp\/v2\/posts"}],"about":[{"href":"https:\/\/lmp-ing.ch\/fr\/wp-json\/wp\/v2\/types\/post"}],"author":[{"embeddable":true,"href":"https:\/\/lmp-ing.ch\/fr\/wp-json\/wp\/v2\/users\/101013"}],"replies":[{"embeddable":true,"href":"https:\/\/lmp-ing.ch\/fr\/wp-json\/wp\/v2\/comments?post=47158"}],"version-history":[{"count":3,"href":"https:\/\/lmp-ing.ch\/fr\/wp-json\/wp\/v2\/posts\/47158\/revisions"}],"predecessor-version":[{"id":47164,"href":"https:\/\/lmp-ing.ch\/fr\/wp-json\/wp\/v2\/posts\/47158\/revisions\/47164"}],"wp:featuredmedia":[{"embeddable":true,"href":"https:\/\/lmp-ing.ch\/fr\/wp-json\/wp\/v2\/media\/47120"}],"wp:attachment":[{"href":"https:\/\/lmp-ing.ch\/fr\/wp-json\/wp\/v2\/media?parent=47158"}],"wp:term":[{"taxonomy":"category","embeddable":true,"href":"https:\/\/lmp-ing.ch\/fr\/wp-json\/wp\/v2\/categories?post=47158"},{"taxonomy":"post_tag","embeddable":true,"href":"https:\/\/lmp-ing.ch\/fr\/wp-json\/wp\/v2\/tags?post=47158"}],"curies":[{"name":"wp","href":"https:\/\/api.w.org\/{rel}","templated":true}]}}